{"id":64729,"date":"2025-11-17T14:43:11","date_gmt":"2025-11-17T12:43:11","guid":{"rendered":"https:\/\/ife.ee\/?p=64729"},"modified":"2026-01-02T17:07:32","modified_gmt":"2026-01-02T15:07:32","slug":"le-podcast-pour-enfants-les-bestioles-bientot-a-la-radio-en-estonien","status":"publish","type":"post","link":"https:\/\/ife.ee\/fr\/le-podcast-pour-enfants-les-bestioles-bientot-a-la-radio-en-estonien\/","title":{"rendered":"Le podcast pour enfants &#8220;Les Bestioles&#8221; \u00e0 la radio en estonien !"},"content":{"rendered":"<p>Le podcast <em>Bestioles<\/em> est une s\u00e9rie d&#8217;histoires \u00e9ducatives et ludiques pour les enfants de 5 \u00e0 7 ans en langue fran\u00e7aise. A partir du mois de Janvier 2026, retrouvez-le en estonien sur Vikeradio !&nbsp;<\/p>\n<p>En collaboration avec France Inter, le Mus\u00e9e national d&#8217;histoires naturel et ERR radio theatre, ce podcast vous permet de faire d\u00e9couvrir les histoires amusantes des animaux qui nous entourent.&nbsp; Se nourrir, construire son habitat, s&#8217;occuper de ses b\u00e9b\u00e9s&#8230; est, la plupart du temps, une aventure, une question de survie. Gr\u00e2ce \u00e0 Bestioles, l&#8217;enfant part \u00e0 la d\u00e9couverte de ce monde qu&#8217;il c\u00f4toie sans le conna\u00eetre vraiment.&nbsp;<\/p>\n<p><em>Bestioles<\/em> offre un double objectif : donner conscience de l&#8217;importance de la biodiversit\u00e9 et appporter des informations de mani\u00e8re ludique aux enfants.&nbsp;<\/p>\n<p data-olk-copy-source=\"MessageBody\"><span style=\"font-family: georgia, palatino, serif;\">Pour la diffusion de ce podcast, toute l&#8217;\u00e9quipe a remport\u00e9 le grand prix lors du concours de vulgarisation scientifique au mois de novembre dans la cat\u00e9gorie &#8220;vulgarisation scientifique et technologique par le biais des m\u00e9dias audiovisuels et \u00e9lectroniques&#8221;.&nbsp;Ce podcast a \u00e9t\u00e9 \u00e9cout\u00e9 plus de 800 000 fois depuis sa diffusion et&nbsp;est devenu l&#8217;\u00e9mission la plus \u00e9cout\u00e9e sur les cha\u00eenes de l&#8217;ERR.&#8221;<\/span><\/p>\n<p><span style=\"font-family: georgia, palatino, serif;\">La troisi\u00e8me saison des <em>Bestioles<\/em> arrive en Estonie ! Retrouvez les podcasts traduits par Triin Arjus sur Vikerraadio entr<\/span>e janvier et avril !&nbsp;<\/p>\n<a class=\"maxbutton-57 maxbutton maxbutton-en-francais\" target=\"_blank\" rel=\"noopener\" href=\"https:\/\/www.radiofrance.fr\/franceinter\/podcasts\/bestioles\"><span class='mb-text'>En fran\u00e7ais<\/span><\/a>\n<a class=\"maxbutton-58 maxbutton maxbutton-en-estonien\" target=\"_blank\" rel=\"noopener\" href=\"https:\/\/lasteekraan.err.ee\/1609556966\/reis-loomariigis-koogitudruk-karbes\"><span class='mb-text'>En estonien<\/span><\/a>\n<p><img decoding=\"async\" src=\"https:\/\/milan-jeunesse.com\/mj\/wp-content\/uploads\/2022\/10\/bestioles-web.jpg\" alt=\"\u00c0 \u00e9couter. Des podcasts pour les 5-7 ans sur les animaux | Milan jeunesse |  Milan Jeunesse\"><\/p>\n","protected":false},"excerpt":{"rendered":"<p>Le podcast Bestioles est une s\u00e9rie d&#8217;histoires \u00e9ducatives et ludiques pour les enfants de 5 \u00e0 7 ans en langue fran\u00e7aise. A partir du mois de Janvier 2026, retrouvez-le en estonien sur Vikeradio !&nbsp;<br \/>\nEn collaboration avec France Inter, le Mus\u00e9e national d&#8217;histoires naturel et ERR radio theatre, ce podcast vous permet de faire d\u00e9couvrir les histoires amusantes des animaux qui nous entourent.&nbsp; Se nourrir, construire son habitat, s&#8217;occuper de ses b\u00e9b\u00e9s&#8230; est, la plupart du temps, une aventure, une question de survie. Gr\u00e2ce \u00e0 Bestioles, l&#8217;enfant part \u00e0 la d\u00e9couverte de ce monde qu&#8217;il c\u00f4toie sans le conna\u00eetre vraiment.&nbsp;<br \/>\nBestioles offre un double objectif : donner conscience de l&#8217;importance de la biodiversit\u00e9 et appporter des informations de mani\u00e8re ludique aux enfants.&nbsp;<br \/>\nPour la diffusion de ce podcast, toute l&#8217;\u00e9quipe a remport\u00e9 le grand prix lors du concours de vulgarisation scientifique au mois de novembre dans la cat\u00e9gorie &#8220;vulgarisation scientifique et technologique par le biais des m\u00e9dias audiovisuels et \u00e9lectroniques&#8221;.&nbsp;Ce podcast a \u00e9t\u00e9 \u00e9cout\u00e9 plus de 800 000 fois depuis sa diffusion et&nbsp;est devenu l&#8217;\u00e9mission la plus \u00e9cout\u00e9e sur les cha\u00eenes de l&#8217;ERR.&#8221;<br \/>\nLa troisi\u00e8me saison des Bestioles arrive en Estonie ! Retrouvez les podcasts traduits par Triin Arjus sur<\/p>\n","protected":false},"author":183,"featured_media":64774,"comment_status":"closed","ping_status":"closed","sticky":false,"template":"","format":"standard","meta":{"_monsterinsights_skip_tracking":false,"ngg_post_thumbnail":0,"footnotes":""},"categories":[85,86,863,765,87],"tags":[],"class_list":["post-64729","post","type-post","status-publish","format-standard","has-post-thumbnail","hentry","category-evenements","category-langue-education","category-langue-francaise","category-numerique","category-tallinn-antenne"],"yoast_head":"<!-- This site is optimized with the Yoast SEO plugin v28.1 - https:\/\/yoast.com\/product\/yoast-seo-wordpress\/ -->\n<title>Le podcast pour enfants &quot;Les Bestioles&quot; \u00e0 la radio en estonien ! - Prantsuse Instituut Eestis<\/title>\n<meta name=\"description\" content=\"Le podcast Bestioles est une s\u00e9rie d&#039;histoires \u00e9ducatives et ludiques pour les enfants de 5 \u00e0 7 ans en langue fran\u00e7aise. A partir du mois de Janvier 2026,\" \/>\n<meta name=\"robots\" content=\"index, follow, max-snippet:-1, max-image-preview:large, max-video-preview:-1\" \/>\n<link rel=\"canonical\" href=\"https:\/\/ife.ee\/fr\/le-podcast-pour-enfants-les-bestioles-bientot-a-la-radio-en-estonien\/\" \/>\n<meta name=\"twitter:card\" content=\"summary_large_image\" \/>\n<meta name=\"twitter:title\" content=\"Le podcast pour enfants &quot;Les Bestioles&quot; \u00e0 la radio en estonien ! - Prantsuse Instituut Eestis\" \/>\n<meta name=\"twitter:description\" content=\"Le podcast Bestioles est une s\u00e9rie d&#039;histoires \u00e9ducatives et ludiques pour les enfants de 5 \u00e0 7 ans en langue fran\u00e7aise. A partir du mois de Janvier 2026,\" \/>\n<meta name=\"twitter:image\" content=\"https:\/\/ife.ee\/wp-content\/uploads\/2025\/11\/bestioles-web.jpg\" \/>\n<meta name=\"twitter:creator\" content=\"@IF_Estonie\" \/>\n<meta name=\"twitter:site\" content=\"@IF_Estonie\" \/>\n<meta name=\"twitter:label1\" content=\"\u00c9crit par\" \/>\n\t<meta name=\"twitter:data1\" content=\"Juliette Tyrlik-Alispahic\" \/>\n\t<meta name=\"twitter:label2\" content=\"Dur\u00e9e de lecture estim\u00e9e\" \/>\n\t<meta name=\"twitter:data2\" content=\"2 minutes\" \/>\n<script type=\"application\/ld+json\" class=\"yoast-schema-graph\">{\"@context\":\"https:\\\/\\\/schema.org\",\"@graph\":[{\"@type\":\"Article\",\"@id\":\"https:\\\/\\\/ife.ee\\\/fr\\\/le-podcast-pour-enfants-les-bestioles-bientot-a-la-radio-en-estonien\\\/#article\",\"isPartOf\":{\"@id\":\"https:\\\/\\\/ife.ee\\\/fr\\\/le-podcast-pour-enfants-les-bestioles-bientot-a-la-radio-en-estonien\\\/\"},\"author\":{\"name\":\"Juliette Tyrlik-Alispahic\",\"@id\":\"https:\\\/\\\/ife.ee\\\/#\\\/schema\\\/person\\\/f829527d545d23366b3ff144e1e33d00\"},\"headline\":\"Le podcast pour enfants &#8220;Les Bestioles&#8221; \u00e0 la radio en estonien !\",\"datePublished\":\"2025-11-17T12:43:11+00:00\",\"dateModified\":\"2026-01-02T15:07:32+00:00\",\"mainEntityOfPage\":{\"@id\":\"https:\\\/\\\/ife.ee\\\/fr\\\/le-podcast-pour-enfants-les-bestioles-bientot-a-la-radio-en-estonien\\\/\"},\"wordCount\":256,\"image\":{\"@id\":\"https:\\\/\\\/ife.ee\\\/fr\\\/le-podcast-pour-enfants-les-bestioles-bientot-a-la-radio-en-estonien\\\/#primaryimage\"},\"thumbnailUrl\":\"https:\\\/\\\/ife.ee\\\/wp-content\\\/uploads\\\/2025\\\/11\\\/bestioles-web.jpg\",\"articleSection\":[\"Ev\u00e9nements\",\"Langue et \u00e9ducation\",\"Langue fran\u00e7aise\",\"Num\u00e9rique\",\"Tallinn\"],\"inLanguage\":\"fr-FR\"},{\"@type\":\"WebPage\",\"@id\":\"https:\\\/\\\/ife.ee\\\/fr\\\/le-podcast-pour-enfants-les-bestioles-bientot-a-la-radio-en-estonien\\\/\",\"url\":\"https:\\\/\\\/ife.ee\\\/fr\\\/le-podcast-pour-enfants-les-bestioles-bientot-a-la-radio-en-estonien\\\/\",\"name\":\"Le podcast pour enfants \\\"Les Bestioles\\\" \u00e0 la radio en estonien ! - Prantsuse Instituut Eestis\",\"isPartOf\":{\"@id\":\"https:\\\/\\\/ife.ee\\\/#website\"},\"primaryImageOfPage\":{\"@id\":\"https:\\\/\\\/ife.ee\\\/fr\\\/le-podcast-pour-enfants-les-bestioles-bientot-a-la-radio-en-estonien\\\/#primaryimage\"},\"image\":{\"@id\":\"https:\\\/\\\/ife.ee\\\/fr\\\/le-podcast-pour-enfants-les-bestioles-bientot-a-la-radio-en-estonien\\\/#primaryimage\"},\"thumbnailUrl\":\"https:\\\/\\\/ife.ee\\\/wp-content\\\/uploads\\\/2025\\\/11\\\/bestioles-web.jpg\",\"datePublished\":\"2025-11-17T12:43:11+00:00\",\"dateModified\":\"2026-01-02T15:07:32+00:00\",\"author\":{\"@id\":\"https:\\\/\\\/ife.ee\\\/#\\\/schema\\\/person\\\/f829527d545d23366b3ff144e1e33d00\"},\"description\":\"Le podcast Bestioles est une s\u00e9rie d'histoires \u00e9ducatives et ludiques pour les enfants de 5 \u00e0 7 ans en langue fran\u00e7aise. A partir du mois de Janvier 2026,\",\"breadcrumb\":{\"@id\":\"https:\\\/\\\/ife.ee\\\/fr\\\/le-podcast-pour-enfants-les-bestioles-bientot-a-la-radio-en-estonien\\\/#breadcrumb\"},\"inLanguage\":\"fr-FR\",\"potentialAction\":[{\"@type\":\"ReadAction\",\"target\":[\"https:\\\/\\\/ife.ee\\\/fr\\\/le-podcast-pour-enfants-les-bestioles-bientot-a-la-radio-en-estonien\\\/\"]}]},{\"@type\":\"ImageObject\",\"inLanguage\":\"fr-FR\",\"@id\":\"https:\\\/\\\/ife.ee\\\/fr\\\/le-podcast-pour-enfants-les-bestioles-bientot-a-la-radio-en-estonien\\\/#primaryimage\",\"url\":\"https:\\\/\\\/ife.ee\\\/wp-content\\\/uploads\\\/2025\\\/11\\\/bestioles-web.jpg\",\"contentUrl\":\"https:\\\/\\\/ife.ee\\\/wp-content\\\/uploads\\\/2025\\\/11\\\/bestioles-web.jpg\",\"width\":1200,\"height\":675},{\"@type\":\"BreadcrumbList\",\"@id\":\"https:\\\/\\\/ife.ee\\\/fr\\\/le-podcast-pour-enfants-les-bestioles-bientot-a-la-radio-en-estonien\\\/#breadcrumb\",\"itemListElement\":[{\"@type\":\"ListItem\",\"position\":1,\"name\":\"Home\",\"item\":\"https:\\\/\\\/ife.ee\\\/fr\\\/\"},{\"@type\":\"ListItem\",\"position\":2,\"name\":\"Le podcast pour enfants &#8220;Les Bestioles&#8221; \u00e0 la radio en estonien !\"}]},{\"@type\":\"WebSite\",\"@id\":\"https:\\\/\\\/ife.ee\\\/#website\",\"url\":\"https:\\\/\\\/ife.ee\\\/\",\"name\":\"Prantsuse Instituut Eestis\",\"description\":\"ESTONIE\",\"potentialAction\":[{\"@type\":\"SearchAction\",\"target\":{\"@type\":\"EntryPoint\",\"urlTemplate\":\"https:\\\/\\\/ife.ee\\\/?s={search_term_string}\"},\"query-input\":{\"@type\":\"PropertyValueSpecification\",\"valueRequired\":true,\"valueName\":\"search_term_string\"}}],\"inLanguage\":\"fr-FR\"},{\"@type\":\"Person\",\"@id\":\"https:\\\/\\\/ife.ee\\\/#\\\/schema\\\/person\\\/f829527d545d23366b3ff144e1e33d00\",\"name\":\"Juliette Tyrlik-Alispahic\",\"url\":\"https:\\\/\\\/ife.ee\\\/fr\\\/author\\\/juliette-tyrlikife-ee\\\/\"}]}<\/script>\n<!-- \/ Yoast SEO plugin. -->","yoast_head_json":{"title":"Le podcast pour enfants \"Les Bestioles\" \u00e0 la radio en estonien ! - Prantsuse Instituut Eestis","description":"Le podcast Bestioles est une s\u00e9rie d'histoires \u00e9ducatives et ludiques pour les enfants de 5 \u00e0 7 ans en langue fran\u00e7aise. A partir du mois de Janvier 2026,","robots":{"index":"index","follow":"follow","max-snippet":"max-snippet:-1","max-image-preview":"max-image-preview:large","max-video-preview":"max-video-preview:-1"},"canonical":"https:\/\/ife.ee\/fr\/le-podcast-pour-enfants-les-bestioles-bientot-a-la-radio-en-estonien\/","twitter_card":"summary_large_image","twitter_title":"Le podcast pour enfants \"Les Bestioles\" \u00e0 la radio en estonien ! - Prantsuse Instituut Eestis","twitter_description":"Le podcast Bestioles est une s\u00e9rie d'histoires \u00e9ducatives et ludiques pour les enfants de 5 \u00e0 7 ans en langue fran\u00e7aise. A partir du mois de Janvier 2026,","twitter_image":"https:\/\/ife.ee\/wp-content\/uploads\/2025\/11\/bestioles-web.jpg","twitter_creator":"@IF_Estonie","twitter_site":"@IF_Estonie","twitter_misc":{"\u00c9crit par":"Juliette Tyrlik-Alispahic","Dur\u00e9e de lecture estim\u00e9e":"2 minutes"},"schema":{"@context":"https:\/\/schema.org","@graph":[{"@type":"Article","@id":"https:\/\/ife.ee\/fr\/le-podcast-pour-enfants-les-bestioles-bientot-a-la-radio-en-estonien\/#article","isPartOf":{"@id":"https:\/\/ife.ee\/fr\/le-podcast-pour-enfants-les-bestioles-bientot-a-la-radio-en-estonien\/"},"author":{"name":"Juliette Tyrlik-Alispahic","@id":"https:\/\/ife.ee\/#\/schema\/person\/f829527d545d23366b3ff144e1e33d00"},"headline":"Le podcast pour enfants &#8220;Les Bestioles&#8221; \u00e0 la radio en estonien !","datePublished":"2025-11-17T12:43:11+00:00","dateModified":"2026-01-02T15:07:32+00:00","mainEntityOfPage":{"@id":"https:\/\/ife.ee\/fr\/le-podcast-pour-enfants-les-bestioles-bientot-a-la-radio-en-estonien\/"},"wordCount":256,"image":{"@id":"https:\/\/ife.ee\/fr\/le-podcast-pour-enfants-les-bestioles-bientot-a-la-radio-en-estonien\/#primaryimage"},"thumbnailUrl":"https:\/\/ife.ee\/wp-content\/uploads\/2025\/11\/bestioles-web.jpg","articleSection":["Ev\u00e9nements","Langue et \u00e9ducation","Langue fran\u00e7aise","Num\u00e9rique","Tallinn"],"inLanguage":"fr-FR"},{"@type":"WebPage","@id":"https:\/\/ife.ee\/fr\/le-podcast-pour-enfants-les-bestioles-bientot-a-la-radio-en-estonien\/","url":"https:\/\/ife.ee\/fr\/le-podcast-pour-enfants-les-bestioles-bientot-a-la-radio-en-estonien\/","name":"Le podcast pour enfants \"Les Bestioles\" \u00e0 la radio en estonien ! - Prantsuse Instituut Eestis","isPartOf":{"@id":"https:\/\/ife.ee\/#website"},"primaryImageOfPage":{"@id":"https:\/\/ife.ee\/fr\/le-podcast-pour-enfants-les-bestioles-bientot-a-la-radio-en-estonien\/#primaryimage"},"image":{"@id":"https:\/\/ife.ee\/fr\/le-podcast-pour-enfants-les-bestioles-bientot-a-la-radio-en-estonien\/#primaryimage"},"thumbnailUrl":"https:\/\/ife.ee\/wp-content\/uploads\/2025\/11\/bestioles-web.jpg","datePublished":"2025-11-17T12:43:11+00:00","dateModified":"2026-01-02T15:07:32+00:00","author":{"@id":"https:\/\/ife.ee\/#\/schema\/person\/f829527d545d23366b3ff144e1e33d00"},"description":"Le podcast Bestioles est une s\u00e9rie d'histoires \u00e9ducatives et ludiques pour les enfants de 5 \u00e0 7 ans en langue fran\u00e7aise. A partir du mois de Janvier 2026,","breadcrumb":{"@id":"https:\/\/ife.ee\/fr\/le-podcast-pour-enfants-les-bestioles-bientot-a-la-radio-en-estonien\/#breadcrumb"},"inLanguage":"fr-FR","potentialAction":[{"@type":"ReadAction","target":["https:\/\/ife.ee\/fr\/le-podcast-pour-enfants-les-bestioles-bientot-a-la-radio-en-estonien\/"]}]},{"@type":"ImageObject","inLanguage":"fr-FR","@id":"https:\/\/ife.ee\/fr\/le-podcast-pour-enfants-les-bestioles-bientot-a-la-radio-en-estonien\/#primaryimage","url":"https:\/\/ife.ee\/wp-content\/uploads\/2025\/11\/bestioles-web.jpg","contentUrl":"https:\/\/ife.ee\/wp-content\/uploads\/2025\/11\/bestioles-web.jpg","width":1200,"height":675},{"@type":"BreadcrumbList","@id":"https:\/\/ife.ee\/fr\/le-podcast-pour-enfants-les-bestioles-bientot-a-la-radio-en-estonien\/#breadcrumb","itemListElement":[{"@type":"ListItem","position":1,"name":"Home","item":"https:\/\/ife.ee\/fr\/"},{"@type":"ListItem","position":2,"name":"Le podcast pour enfants &#8220;Les Bestioles&#8221; \u00e0 la radio en estonien !"}]},{"@type":"WebSite","@id":"https:\/\/ife.ee\/#website","url":"https:\/\/ife.ee\/","name":"Prantsuse Instituut Eestis","description":"ESTONIE","potentialAction":[{"@type":"SearchAction","target":{"@type":"EntryPoint","urlTemplate":"https:\/\/ife.ee\/?s={search_term_string}"},"query-input":{"@type":"PropertyValueSpecification","valueRequired":true,"valueName":"search_term_string"}}],"inLanguage":"fr-FR"},{"@type":"Person","@id":"https:\/\/ife.ee\/#\/schema\/person\/f829527d545d23366b3ff144e1e33d00","name":"Juliette Tyrlik-Alispahic","url":"https:\/\/ife.ee\/fr\/author\/juliette-tyrlikife-ee\/"}]}},"_links":{"self":[{"href":"https:\/\/ife.ee\/fr\/wp-json\/wp\/v2\/posts\/64729","targetHints":{"allow":["GET"]}}],"collection":[{"href":"https:\/\/ife.ee\/fr\/wp-json\/wp\/v2\/posts"}],"about":[{"href":"https:\/\/ife.ee\/fr\/wp-json\/wp\/v2\/types\/post"}],"author":[{"embeddable":true,"href":"https:\/\/ife.ee\/fr\/wp-json\/wp\/v2\/users\/183"}],"replies":[{"embeddable":true,"href":"https:\/\/ife.ee\/fr\/wp-json\/wp\/v2\/comments?post=64729"}],"version-history":[{"count":0,"href":"https:\/\/ife.ee\/fr\/wp-json\/wp\/v2\/posts\/64729\/revisions"}],"wp:featuredmedia":[{"embeddable":true,"href":"https:\/\/ife.ee\/fr\/wp-json\/wp\/v2\/media\/64774"}],"wp:attachment":[{"href":"https:\/\/ife.ee\/fr\/wp-json\/wp\/v2\/media?parent=64729"}],"wp:term":[{"taxonomy":"category","embeddable":true,"href":"https:\/\/ife.ee\/fr\/wp-json\/wp\/v2\/categories?post=64729"},{"taxonomy":"post_tag","embeddable":true,"href":"https:\/\/ife.ee\/fr\/wp-json\/wp\/v2\/tags?post=64729"}],"curies":[{"name":"wp","href":"https:\/\/api.w.org\/{rel}","templated":true}]}}