{"id":54310,"date":"2022-08-08T13:42:44","date_gmt":"2022-08-08T11:42:44","guid":{"rendered":"https:\/\/ife.ee\/?p=54310"},"modified":"2022-08-08T15:58:23","modified_gmt":"2022-08-08T13:58:23","slug":"josep-arvamusfestival-institut-francais","status":"publish","type":"post","link":"https:\/\/ife.ee\/fr\/josep-arvamusfestival-institut-francais\/","title":{"rendered":"&#8220;Josep&#8221;, film d&#8217;animation sur l&#8217;art, les r\u00e9fugi\u00e9s et l&#8217;humanit\u00e9 | Institut fran\u00e7ais x Arvamusfestival"},"content":{"rendered":"<div><span style=\"font-size: 20px;\"><strong>L\u2019Institut fran\u00e7ais d\u2019Estonie a le grand plaisir de participer de nouveau au <a href=\"https:\/\/arvamusfestival.ee\/kultuur\/\" target=\"_blank\" rel=\"noopener\">programme culturel d&#8217;Arvamusfestival<\/a>, le Festival d\u2019opinion et des d\u00e9bats d\u2019id\u00e9es \u00e0 Paide ! Rendez-vous le vendredi 12 ao\u00fbt 2022 \u00e0 13h00 au cin\u00e9ma de Paide pour le film d&#8217;animation <em>Josep<\/em>. Le long-m\u00e9trage raconte la vie de l&#8217;artiste et de l&#8217;homme politique Josep Bartol\u00ed qui a fuit le r\u00e9gime de Franco, et les \u00e9preuves qu&#8217;il a v\u00e9cues dans les camps fran\u00e7ais. L&#8217;entr\u00e9e est gratuite ; le film est sous-titr\u00e9 en anglais !<\/strong><\/span><\/div>\n<div>&nbsp;<\/div>\n<div>&nbsp;<\/div>\n<h4>JOSEP<\/h4>\n<p><em>R\u00e9alisateur : Aurel<\/em><br \/>\n<em>France, Espagne, Belgique, 2020<\/em><br \/>\n<em>1h 14<br \/>\nAnimation, portrait, drame<br \/>\n<\/em><\/p>\n<div>F\u00e9vrier 1939. Submerg\u00e9 par le flot de R\u00e9publicains fuyant la dictature franquiste, le gouvernement fran\u00e7ais les parque dans des camps. Deux hommes s\u00e9par\u00e9s par les barbel\u00e9s vont se lier d\u2019amiti\u00e9. L\u2019un est gendarme, l\u2019autre est dessinateur. De Barcelone \u00e0 New York, l&#8217;histoire vraie de Josep Bartol\u00ed, combattant antifranquiste et artiste d&#8217;exception.<\/div>\n<div>&nbsp;<\/div>\n<div><em>Josep<\/em> a \u00e9t\u00e9 s\u00e9lectionn\u00e9 au programme officiel de Cannes en 2020, et faisait partie la m\u00eame ann\u00e9e du programme<em> Nouveaux courants<\/em> du festival P\u00d6FF. En 2020, le film a \u00e9t\u00e9 r\u00e9compens\u00e9 du Prix du cin\u00e9ma europ\u00e9en en tant que le meilleur film d&#8217;animation ; en 2021, il a remport\u00e9 le C\u00e9sar dans la cat\u00e9gorie du meilleur long-m\u00e9trage d&#8217;animation.<\/div>\n<ul>\n<li><strong>Le vendredi 12 ao\u00fbt 2022 \u00e0 13h00 au Cin\u00e9ma de Paide<\/strong> (adresse: P\u00e4rnu tn 18, ville de Paide)<\/li>\n<li>Langues : fran\u00e7ais, espagnol, catalan, anglais<\/li>\n<li>Sous-titres :<strong> anglais<\/strong><\/li>\n<li>L&#8217;entr\u00e9e est <strong>gratuite<\/strong> !<\/li>\n<\/ul>\n<p>&nbsp;<\/p>\n<p><iframe loading=\"lazy\" title=\"YouTube video player\" src=\"\/\/www.youtube.com\/embed\/bS9apnbe9Eg\" width=\"560\" height=\"315\" frameborder=\"0\" allowfullscreen=\"allowfullscreen\" data-mce-fragment=\"1\"><\/iframe><\/p>\n<p><img loading=\"lazy\" decoding=\"async\" class=\"alignnone wp-image-45899 size-large\" src=\"https:\/\/ife.ee\/wp-content\/uploads\/2020\/11\/f_4_josep_2774b1e648-1-1440x810.jpg\" alt=\"Josep Arvamusfestival Prantsuse Instituut\" width=\"1440\" height=\"810\" srcset=\"https:\/\/ife.ee\/wp-content\/uploads\/2020\/11\/f_4_josep_2774b1e648-1-1440x810.jpg 1440w, https:\/\/ife.ee\/wp-content\/uploads\/2020\/11\/f_4_josep_2774b1e648-1-300x169.jpg 300w, https:\/\/ife.ee\/wp-content\/uploads\/2020\/11\/f_4_josep_2774b1e648-1-768x432.jpg 768w, https:\/\/ife.ee\/wp-content\/uploads\/2020\/11\/f_4_josep_2774b1e648-1-600x338.jpg 600w, https:\/\/ife.ee\/wp-content\/uploads\/2020\/11\/f_4_josep_2774b1e648-1-1536x864.jpg 1536w, https:\/\/ife.ee\/wp-content\/uploads\/2020\/11\/f_4_josep_2774b1e648-1-1320x743.jpg 1320w, https:\/\/ife.ee\/wp-content\/uploads\/2020\/11\/f_4_josep_2774b1e648-1.jpg 1920w\" sizes=\"auto, (max-width: 1440px) 100vw, 1440px\" \/><\/p>\n<div>&nbsp;<\/div>\n","protected":false},"excerpt":{"rendered":"<p>L\u2019Institut fran\u00e7ais d\u2019Estonie a le grand plaisir de participer de nouveau au programme culturel d&#8217;Arvamusfestival, le Festival d\u2019opinion et des d\u00e9bats d\u2019id\u00e9es \u00e0 Paide ! Rendez-vous le vendredi 12 ao\u00fbt 2022 \u00e0 13h00 au cin\u00e9ma de Paide pour le film d&#8217;animation Josep. Le long-m\u00e9trage raconte la vie de l&#8217;artiste et de l&#8217;homme politique Josep Bartol\u00ed qui a fuit le r\u00e9gime de Franco, et les \u00e9preuves qu&#8217;il a v\u00e9cues dans les camps fran\u00e7ais. L&#8217;entr\u00e9e est gratuite ; le film est sous-titr\u00e9 en anglais !<br \/>\n&nbsp;<br \/>\n&nbsp;<br \/>\nJOSEP<br \/>\nR\u00e9alisateur : Aurel<br \/>\nFrance, Espagne, Belgique, 2020<br \/>\n1h 14<br \/>\nAnimation, portrait, drame<\/p>\n<p>F\u00e9vrier 1939. Submerg\u00e9 par le flot de R\u00e9publicains fuyant la dictature franquiste, le gouvernement fran\u00e7ais les parque dans des camps. Deux hommes s\u00e9par\u00e9s par les barbel\u00e9s vont se lier d\u2019amiti\u00e9. L\u2019un est gendarme, l\u2019autre est dessinateur. De Barcelone \u00e0 New York, l&#8217;histoire vraie de Josep Bartol\u00ed, combattant antifranquiste et artiste d&#8217;exception.<br \/>\n&nbsp;<br \/>\nJosep a \u00e9t\u00e9 s\u00e9lectionn\u00e9 au programme officiel de Cannes en 2020, et faisait partie la m\u00eame ann\u00e9e du programme Nouveaux courants du festival P\u00d6FF. En 2020, le film a \u00e9t\u00e9 r\u00e9compens\u00e9 du Prix du cin\u00e9ma europ\u00e9en en tant que le meilleur film d&#8217;animation ; en 2021, il a remport\u00e9<\/p>\n","protected":false},"author":170,"featured_media":45901,"comment_status":"closed","ping_status":"closed","sticky":false,"template":"","format":"standard","meta":{"_monsterinsights_skip_tracking":false,"_monsterinsights_sitenote_active":false,"_monsterinsights_sitenote_note":"","_monsterinsights_sitenote_category":0,"ngg_post_thumbnail":0,"footnotes":""},"categories":[85],"tags":[2063,2717,514,2143,548,2715,2716,1304],"class_list":["post-54310","post","type-post","status-publish","format-standard","has-post-thumbnail","hentry","category-evenements","tag-arvamusfestival-fr","tag-aurel-fr","tag-cinema","tag-festival-dopinion-de-paide","tag-film","tag-film-danimation","tag-josep-fr","tag-kino-fr"],"yoast_head":"<!-- This site is optimized with the Yoast SEO plugin v27.3 - https:\/\/yoast.com\/product\/yoast-seo-wordpress\/ -->\n<title>&quot;Josep&quot;, film d&#039;animation sur l&#039;art, les r\u00e9fugi\u00e9s et l&#039;humanit\u00e9 | Institut fran\u00e7ais x Arvamusfestival<\/title>\n<meta name=\"description\" content=\"L\u2019Institut fran\u00e7ais d\u2019Estonie a le grand plaisir de participer de nouveau au programme culturel d&#039;Arvamusfestival, le Festival d\u2019opinion et des d\u00e9bats\" \/>\n<meta name=\"robots\" content=\"index, follow, max-snippet:-1, max-image-preview:large, max-video-preview:-1\" \/>\n<link rel=\"canonical\" href=\"https:\/\/ife.ee\/fr\/josep-arvamusfestival-institut-francais\/\" \/>\n<meta name=\"twitter:card\" content=\"summary_large_image\" \/>\n<meta name=\"twitter:title\" content=\"&quot;Josep&quot;, film d&#039;animation sur l&#039;art, les r\u00e9fugi\u00e9s et l&#039;humanit\u00e9 | Institut fran\u00e7ais x Arvamusfestival\" \/>\n<meta name=\"twitter:description\" content=\"L\u2019Institut fran\u00e7ais d\u2019Estonie a le grand plaisir de participer de nouveau au programme culturel d&#039;Arvamusfestival, le Festival d\u2019opinion et des d\u00e9bats\" \/>\n<meta name=\"twitter:image\" content=\"https:\/\/ife.ee\/wp-content\/uploads\/2020\/11\/f_4_josep_2774b1e648-1.jpg\" \/>\n<meta name=\"twitter:creator\" content=\"@IF_Estonie\" \/>\n<meta name=\"twitter:site\" content=\"@IF_Estonie\" \/>\n<meta name=\"twitter:label1\" content=\"\u00c9crit par\" \/>\n\t<meta name=\"twitter:data1\" content=\"dora\" \/>\n\t<meta name=\"twitter:label2\" content=\"Dur\u00e9e de lecture estim\u00e9e\" \/>\n\t<meta name=\"twitter:data2\" content=\"2 minutes\" \/>\n<script type=\"application\/ld+json\" class=\"yoast-schema-graph\">{\"@context\":\"https:\\\/\\\/schema.org\",\"@graph\":[{\"@type\":\"Article\",\"@id\":\"https:\\\/\\\/ife.ee\\\/fr\\\/josep-arvamusfestival-institut-francais\\\/#article\",\"isPartOf\":{\"@id\":\"https:\\\/\\\/ife.ee\\\/fr\\\/josep-arvamusfestival-institut-francais\\\/\"},\"author\":{\"name\":\"dora\",\"@id\":\"https:\\\/\\\/ife.ee\\\/#\\\/schema\\\/person\\\/641455fbb19ed6f816a385d27078ed24\"},\"headline\":\"&#8220;Josep&#8221;, film d&#8217;animation sur l&#8217;art, les r\u00e9fugi\u00e9s et l&#8217;humanit\u00e9 | Institut fran\u00e7ais x Arvamusfestival\",\"datePublished\":\"2022-08-08T11:42:44+00:00\",\"dateModified\":\"2022-08-08T13:58:23+00:00\",\"mainEntityOfPage\":{\"@id\":\"https:\\\/\\\/ife.ee\\\/fr\\\/josep-arvamusfestival-institut-francais\\\/\"},\"wordCount\":273,\"image\":{\"@id\":\"https:\\\/\\\/ife.ee\\\/fr\\\/josep-arvamusfestival-institut-francais\\\/#primaryimage\"},\"thumbnailUrl\":\"https:\\\/\\\/ife.ee\\\/wp-content\\\/uploads\\\/2020\\\/11\\\/f_4_josep_2774b1e648-1.jpg\",\"keywords\":[\"Arvamusfestival\",\"Aurel\",\"Cin\u00e9ma\",\"Festival d'opinion de Paide\",\"Film\",\"film d'animation\",\"Josep\",\"Kino\"],\"articleSection\":[\"Ev\u00e9nements\"],\"inLanguage\":\"fr-FR\"},{\"@type\":\"WebPage\",\"@id\":\"https:\\\/\\\/ife.ee\\\/fr\\\/josep-arvamusfestival-institut-francais\\\/\",\"url\":\"https:\\\/\\\/ife.ee\\\/fr\\\/josep-arvamusfestival-institut-francais\\\/\",\"name\":\"\\\"Josep\\\", film d'animation sur l'art, les r\u00e9fugi\u00e9s et l'humanit\u00e9 | Institut fran\u00e7ais x Arvamusfestival\",\"isPartOf\":{\"@id\":\"https:\\\/\\\/ife.ee\\\/#website\"},\"primaryImageOfPage\":{\"@id\":\"https:\\\/\\\/ife.ee\\\/fr\\\/josep-arvamusfestival-institut-francais\\\/#primaryimage\"},\"image\":{\"@id\":\"https:\\\/\\\/ife.ee\\\/fr\\\/josep-arvamusfestival-institut-francais\\\/#primaryimage\"},\"thumbnailUrl\":\"https:\\\/\\\/ife.ee\\\/wp-content\\\/uploads\\\/2020\\\/11\\\/f_4_josep_2774b1e648-1.jpg\",\"datePublished\":\"2022-08-08T11:42:44+00:00\",\"dateModified\":\"2022-08-08T13:58:23+00:00\",\"author\":{\"@id\":\"https:\\\/\\\/ife.ee\\\/#\\\/schema\\\/person\\\/641455fbb19ed6f816a385d27078ed24\"},\"description\":\"L\u2019Institut fran\u00e7ais d\u2019Estonie a le grand plaisir de participer de nouveau au programme culturel d'Arvamusfestival, le Festival d\u2019opinion et des d\u00e9bats\",\"breadcrumb\":{\"@id\":\"https:\\\/\\\/ife.ee\\\/fr\\\/josep-arvamusfestival-institut-francais\\\/#breadcrumb\"},\"inLanguage\":\"fr-FR\",\"potentialAction\":[{\"@type\":\"ReadAction\",\"target\":[\"https:\\\/\\\/ife.ee\\\/fr\\\/josep-arvamusfestival-institut-francais\\\/\"]}]},{\"@type\":\"ImageObject\",\"inLanguage\":\"fr-FR\",\"@id\":\"https:\\\/\\\/ife.ee\\\/fr\\\/josep-arvamusfestival-institut-francais\\\/#primaryimage\",\"url\":\"https:\\\/\\\/ife.ee\\\/wp-content\\\/uploads\\\/2020\\\/11\\\/f_4_josep_2774b1e648-1.jpg\",\"contentUrl\":\"https:\\\/\\\/ife.ee\\\/wp-content\\\/uploads\\\/2020\\\/11\\\/f_4_josep_2774b1e648-1.jpg\",\"width\":1920,\"height\":1080,\"caption\":\"Josep Arvamusfestival Institut fran\u00e7ais d'Estonie\"},{\"@type\":\"BreadcrumbList\",\"@id\":\"https:\\\/\\\/ife.ee\\\/fr\\\/josep-arvamusfestival-institut-francais\\\/#breadcrumb\",\"itemListElement\":[{\"@type\":\"ListItem\",\"position\":1,\"name\":\"Home\",\"item\":\"https:\\\/\\\/ife.ee\\\/fr\\\/\"},{\"@type\":\"ListItem\",\"position\":2,\"name\":\"&#8220;Josep&#8221;, film d&#8217;animation sur l&#8217;art, les r\u00e9fugi\u00e9s et l&#8217;humanit\u00e9 | Institut fran\u00e7ais x Arvamusfestival\"}]},{\"@type\":\"WebSite\",\"@id\":\"https:\\\/\\\/ife.ee\\\/#website\",\"url\":\"https:\\\/\\\/ife.ee\\\/\",\"name\":\"Prantsuse Instituut Eestis\",\"description\":\"ESTONIE\",\"potentialAction\":[{\"@type\":\"SearchAction\",\"target\":{\"@type\":\"EntryPoint\",\"urlTemplate\":\"https:\\\/\\\/ife.ee\\\/?s={search_term_string}\"},\"query-input\":{\"@type\":\"PropertyValueSpecification\",\"valueRequired\":true,\"valueName\":\"search_term_string\"}}],\"inLanguage\":\"fr-FR\"},{\"@type\":\"Person\",\"@id\":\"https:\\\/\\\/ife.ee\\\/#\\\/schema\\\/person\\\/641455fbb19ed6f816a385d27078ed24\",\"name\":\"dora\",\"url\":\"https:\\\/\\\/ife.ee\\\/fr\\\/author\\\/dora\\\/\"}]}<\/script>\n<!-- \/ Yoast SEO plugin. -->","yoast_head_json":{"title":"\"Josep\", film d'animation sur l'art, les r\u00e9fugi\u00e9s et l'humanit\u00e9 | Institut fran\u00e7ais x Arvamusfestival","description":"L\u2019Institut fran\u00e7ais d\u2019Estonie a le grand plaisir de participer de nouveau au programme culturel d'Arvamusfestival, le Festival d\u2019opinion et des d\u00e9bats","robots":{"index":"index","follow":"follow","max-snippet":"max-snippet:-1","max-image-preview":"max-image-preview:large","max-video-preview":"max-video-preview:-1"},"canonical":"https:\/\/ife.ee\/fr\/josep-arvamusfestival-institut-francais\/","twitter_card":"summary_large_image","twitter_title":"\"Josep\", film d'animation sur l'art, les r\u00e9fugi\u00e9s et l'humanit\u00e9 | Institut fran\u00e7ais x Arvamusfestival","twitter_description":"L\u2019Institut fran\u00e7ais d\u2019Estonie a le grand plaisir de participer de nouveau au programme culturel d'Arvamusfestival, le Festival d\u2019opinion et des d\u00e9bats","twitter_image":"https:\/\/ife.ee\/wp-content\/uploads\/2020\/11\/f_4_josep_2774b1e648-1.jpg","twitter_creator":"@IF_Estonie","twitter_site":"@IF_Estonie","twitter_misc":{"\u00c9crit par":"dora","Dur\u00e9e de lecture estim\u00e9e":"2 minutes"},"schema":{"@context":"https:\/\/schema.org","@graph":[{"@type":"Article","@id":"https:\/\/ife.ee\/fr\/josep-arvamusfestival-institut-francais\/#article","isPartOf":{"@id":"https:\/\/ife.ee\/fr\/josep-arvamusfestival-institut-francais\/"},"author":{"name":"dora","@id":"https:\/\/ife.ee\/#\/schema\/person\/641455fbb19ed6f816a385d27078ed24"},"headline":"&#8220;Josep&#8221;, film d&#8217;animation sur l&#8217;art, les r\u00e9fugi\u00e9s et l&#8217;humanit\u00e9 | Institut fran\u00e7ais x Arvamusfestival","datePublished":"2022-08-08T11:42:44+00:00","dateModified":"2022-08-08T13:58:23+00:00","mainEntityOfPage":{"@id":"https:\/\/ife.ee\/fr\/josep-arvamusfestival-institut-francais\/"},"wordCount":273,"image":{"@id":"https:\/\/ife.ee\/fr\/josep-arvamusfestival-institut-francais\/#primaryimage"},"thumbnailUrl":"https:\/\/ife.ee\/wp-content\/uploads\/2020\/11\/f_4_josep_2774b1e648-1.jpg","keywords":["Arvamusfestival","Aurel","Cin\u00e9ma","Festival d'opinion de Paide","Film","film d'animation","Josep","Kino"],"articleSection":["Ev\u00e9nements"],"inLanguage":"fr-FR"},{"@type":"WebPage","@id":"https:\/\/ife.ee\/fr\/josep-arvamusfestival-institut-francais\/","url":"https:\/\/ife.ee\/fr\/josep-arvamusfestival-institut-francais\/","name":"\"Josep\", film d'animation sur l'art, les r\u00e9fugi\u00e9s et l'humanit\u00e9 | Institut fran\u00e7ais x Arvamusfestival","isPartOf":{"@id":"https:\/\/ife.ee\/#website"},"primaryImageOfPage":{"@id":"https:\/\/ife.ee\/fr\/josep-arvamusfestival-institut-francais\/#primaryimage"},"image":{"@id":"https:\/\/ife.ee\/fr\/josep-arvamusfestival-institut-francais\/#primaryimage"},"thumbnailUrl":"https:\/\/ife.ee\/wp-content\/uploads\/2020\/11\/f_4_josep_2774b1e648-1.jpg","datePublished":"2022-08-08T11:42:44+00:00","dateModified":"2022-08-08T13:58:23+00:00","author":{"@id":"https:\/\/ife.ee\/#\/schema\/person\/641455fbb19ed6f816a385d27078ed24"},"description":"L\u2019Institut fran\u00e7ais d\u2019Estonie a le grand plaisir de participer de nouveau au programme culturel d'Arvamusfestival, le Festival d\u2019opinion et des d\u00e9bats","breadcrumb":{"@id":"https:\/\/ife.ee\/fr\/josep-arvamusfestival-institut-francais\/#breadcrumb"},"inLanguage":"fr-FR","potentialAction":[{"@type":"ReadAction","target":["https:\/\/ife.ee\/fr\/josep-arvamusfestival-institut-francais\/"]}]},{"@type":"ImageObject","inLanguage":"fr-FR","@id":"https:\/\/ife.ee\/fr\/josep-arvamusfestival-institut-francais\/#primaryimage","url":"https:\/\/ife.ee\/wp-content\/uploads\/2020\/11\/f_4_josep_2774b1e648-1.jpg","contentUrl":"https:\/\/ife.ee\/wp-content\/uploads\/2020\/11\/f_4_josep_2774b1e648-1.jpg","width":1920,"height":1080,"caption":"Josep Arvamusfestival Institut fran\u00e7ais d'Estonie"},{"@type":"BreadcrumbList","@id":"https:\/\/ife.ee\/fr\/josep-arvamusfestival-institut-francais\/#breadcrumb","itemListElement":[{"@type":"ListItem","position":1,"name":"Home","item":"https:\/\/ife.ee\/fr\/"},{"@type":"ListItem","position":2,"name":"&#8220;Josep&#8221;, film d&#8217;animation sur l&#8217;art, les r\u00e9fugi\u00e9s et l&#8217;humanit\u00e9 | Institut fran\u00e7ais x Arvamusfestival"}]},{"@type":"WebSite","@id":"https:\/\/ife.ee\/#website","url":"https:\/\/ife.ee\/","name":"Prantsuse Instituut Eestis","description":"ESTONIE","potentialAction":[{"@type":"SearchAction","target":{"@type":"EntryPoint","urlTemplate":"https:\/\/ife.ee\/?s={search_term_string}"},"query-input":{"@type":"PropertyValueSpecification","valueRequired":true,"valueName":"search_term_string"}}],"inLanguage":"fr-FR"},{"@type":"Person","@id":"https:\/\/ife.ee\/#\/schema\/person\/641455fbb19ed6f816a385d27078ed24","name":"dora","url":"https:\/\/ife.ee\/fr\/author\/dora\/"}]}},"_links":{"self":[{"href":"https:\/\/ife.ee\/fr\/wp-json\/wp\/v2\/posts\/54310","targetHints":{"allow":["GET"]}}],"collection":[{"href":"https:\/\/ife.ee\/fr\/wp-json\/wp\/v2\/posts"}],"about":[{"href":"https:\/\/ife.ee\/fr\/wp-json\/wp\/v2\/types\/post"}],"author":[{"embeddable":true,"href":"https:\/\/ife.ee\/fr\/wp-json\/wp\/v2\/users\/170"}],"replies":[{"embeddable":true,"href":"https:\/\/ife.ee\/fr\/wp-json\/wp\/v2\/comments?post=54310"}],"version-history":[{"count":0,"href":"https:\/\/ife.ee\/fr\/wp-json\/wp\/v2\/posts\/54310\/revisions"}],"wp:featuredmedia":[{"embeddable":true,"href":"https:\/\/ife.ee\/fr\/wp-json\/wp\/v2\/media\/45901"}],"wp:attachment":[{"href":"https:\/\/ife.ee\/fr\/wp-json\/wp\/v2\/media?parent=54310"}],"wp:term":[{"taxonomy":"category","embeddable":true,"href":"https:\/\/ife.ee\/fr\/wp-json\/wp\/v2\/categories?post=54310"},{"taxonomy":"post_tag","embeddable":true,"href":"https:\/\/ife.ee\/fr\/wp-json\/wp\/v2\/tags?post=54310"}],"curies":[{"name":"wp","href":"https:\/\/api.w.org\/{rel}","templated":true}]}}