{"id":53276,"date":"2022-03-31T10:27:13","date_gmt":"2022-03-31T08:27:13","guid":{"rendered":"https:\/\/ife.ee\/?p=53276"},"modified":"2022-03-31T10:38:11","modified_gmt":"2022-03-31T08:38:11","slug":"concours-decriture-creatif-cest-quoi-leurope-francophonie-2022-gagnants","status":"publish","type":"post","link":"https:\/\/ife.ee\/fr\/concours-decriture-creatif-cest-quoi-leurope-francophonie-2022-gagnants\/","title":{"rendered":"Gagnants du concours &#8220;C&#8217;est quoi l&#8217;Europe ?&#8221; | Francophonie"},"content":{"rendered":"<p><strong><span style=\"font-size: 20px;\">Merci \u00e0 tous les participants du concours &#8220;C&#8217;est quoi l&#8217;Europe ?&#8221; et pour vos merveilleux travaux qui nous ont permis de voyager !&nbsp;<\/span><\/strong><\/p>\n<p>&nbsp;<\/p>\n<h4><em>C&#8217;est quoi l&#8217;Europe ?<\/em><\/h4>\n<p><strong>F\u00e9licitations \u00e0 K.Mitt, M. Mancevica et K.Stunkus grandes gagnantes du concours :&nbsp;<\/strong><\/p>\n<ul>\n<li>Karola Mitt (Estonie)<\/li>\n<li>Mia Mancevica (Lettonie)<\/li>\n<li>Kate Stunkus (Lettonie)<\/li>\n<\/ul>\n<p><strong>F\u00e9licitations \u00e0 A.Srivastava et U.\u0160imkaityt\u0117 gagnants de prix sp\u00e9ciaux :&nbsp;<\/strong><\/p>\n<ul>\n<li>Prix sp\u00e9cial de la Francophonie : Aaryan Srivastava (Estonie)<\/li>\n<li>Prix sp\u00e9cial de la cr\u00e9ativit\u00e9 : Ugn\u0117 \u0160imkaityt\u0117 (Lettonie)<\/li>\n<\/ul>\n<p>&nbsp;<\/p>\n<p>Vous serez contact\u00e9 ult\u00e9rieurement par Ulric Le Flohic, surveillez votre bo\u00eete mail et vos spams ! Merci \u00e0 tous les participants et merci \u00e0 nos partenaires (l&#8217;<a href=\"https:\/\/www.diplomatie.gov.tn\/nc\/mission\/etranger\/ambassade-de-tunisie-a-helsinki-finlande\/\" target=\"_blank\" rel=\"noopener\">Ambassade de Tunisie en Finlande<\/a>, Repr\u00e9sentation du <a href=\"https:\/\/www.international.gc.ca\/country-pays\/estonia-estonie\/index.aspx?lang=fra\" target=\"_blank\" rel=\"noopener\">Canada<\/a> et de la <a href=\"https:\/\/www.eda.admin.ch\/eda\/fr\/dfae\/representations-et-conseils-aux-voyageurs\/estonie\/ch-representation-estonie.html\" target=\"_blank\" rel=\"noopener\">Suisse<\/a> en Estonie) pour les r\u00e9compenses.<\/p>\n<p>&nbsp;<\/p>\n<h4>Les travaux des gagnantes et des prix sp\u00e9ciaux :<\/h4>\n<ul>\n<li>&#8220;Le Mont Saint-Michel&#8221;&nbsp; de Karola Mitt (Estonie)<\/li>\n<\/ul>\n<p><img loading=\"lazy\" decoding=\"async\" class=\"alignnone  wp-image-53293\" src=\"https:\/\/ife.ee\/wp-content\/uploads\/2022\/03\/karola-mitt-le-mont-saint-michel1024_1-1-e1648128942249.jpg\" alt=\"\" width=\"466\" height=\"500\" srcset=\"https:\/\/ife.ee\/wp-content\/uploads\/2022\/03\/karola-mitt-le-mont-saint-michel1024_1-1-e1648128942249.jpg 791w, https:\/\/ife.ee\/wp-content\/uploads\/2022\/03\/karola-mitt-le-mont-saint-michel1024_1-1-e1648128942249-280x300.jpg 280w, https:\/\/ife.ee\/wp-content\/uploads\/2022\/03\/karola-mitt-le-mont-saint-michel1024_1-1-e1648128942249-768x824.jpg 768w, https:\/\/ife.ee\/wp-content\/uploads\/2022\/03\/karola-mitt-le-mont-saint-michel1024_1-1-e1648128942249-600x644.jpg 600w\" sizes=\"auto, (max-width: 466px) 100vw, 466px\" \/><\/p>\n<p>&nbsp;<\/p>\n<ul>\n<li class=\"qrShPb kno-ecr-pt PZPZlf q8U8x\" data-dtype=\"d3ifr\" data-local-attribute=\"d3bn\" data-attrid=\"title\" data-ved=\"2ahUKEwiF46iO7d72AhUQzYsKHc0nBrYQ3B0oAHoECDoQAQ\">&#8220;D\u00fcsseldorf&#8221; &#8211; Mia Mancevica (Lettonie)<\/li>\n<\/ul>\n<p><img loading=\"lazy\" decoding=\"async\" class=\"alignnone size-full wp-image-53301\" src=\"https:\/\/ife.ee\/wp-content\/uploads\/2022\/03\/sans-titre30-1-e1648128919389.png\" alt=\"\" width=\"472\" height=\"600\" srcset=\"https:\/\/ife.ee\/wp-content\/uploads\/2022\/03\/sans-titre30-1-e1648128919389.png 472w, https:\/\/ife.ee\/wp-content\/uploads\/2022\/03\/sans-titre30-1-e1648128919389-236x300.png 236w\" sizes=\"auto, (max-width: 472px) 100vw, 472px\" \/><\/p>\n<p>&nbsp;<\/p>\n<ul>\n<li>&#8220;Valence&#8221; &#8211; Kate Stunkus (Lettonie)<\/li>\n<\/ul>\n<p><img loading=\"lazy\" decoding=\"async\" class=\"alignnone  wp-image-53305\" src=\"https:\/\/ife.ee\/wp-content\/uploads\/2022\/03\/sans-titre31-e1648128792656.png\" alt=\"\" width=\"494\" height=\"336\" srcset=\"https:\/\/ife.ee\/wp-content\/uploads\/2022\/03\/sans-titre31-e1648128792656.png 600w, https:\/\/ife.ee\/wp-content\/uploads\/2022\/03\/sans-titre31-e1648128792656-300x204.png 300w\" sizes=\"auto, (max-width: 494px) 100vw, 494px\" \/><\/p>\n<p>&nbsp;<\/p>\n<ul>\n<li>Prix sp\u00e9cial de la Francophonie : Aaryan Srivastava (Estonie)<\/li>\n<\/ul>\n<p><img loading=\"lazy\" decoding=\"async\" class=\"alignnone  wp-image-53310\" src=\"https:\/\/ife.ee\/wp-content\/uploads\/2022\/03\/0001-scaled-e1648129668310-754x1024.jpg\" alt=\"\" width=\"449\" height=\"610\" srcset=\"https:\/\/ife.ee\/wp-content\/uploads\/2022\/03\/0001-scaled-e1648129668310-754x1024.jpg 754w, https:\/\/ife.ee\/wp-content\/uploads\/2022\/03\/0001-scaled-e1648129668310-221x300.jpg 221w, https:\/\/ife.ee\/wp-content\/uploads\/2022\/03\/0001-scaled-e1648129668310-768x1044.jpg 768w, https:\/\/ife.ee\/wp-content\/uploads\/2022\/03\/0001-scaled-e1648129668310-600x815.jpg 600w, https:\/\/ife.ee\/wp-content\/uploads\/2022\/03\/0001-scaled-e1648129668310-1130x1536.jpg 1130w, https:\/\/ife.ee\/wp-content\/uploads\/2022\/03\/0001-scaled-e1648129668310-1507x2048.jpg 1507w, https:\/\/ife.ee\/wp-content\/uploads\/2022\/03\/0001-scaled-e1648129668310-1320x1794.jpg 1320w, https:\/\/ife.ee\/wp-content\/uploads\/2022\/03\/0001-scaled-e1648129668310.jpg 1625w\" sizes=\"auto, (max-width: 449px) 100vw, 449px\" \/><\/p>\n<p>&nbsp;<\/p>\n<ul>\n<li>Prix sp\u00e9cial de la cr\u00e9ativit\u00e9 : Ugn\u0117 \u0160imkaityt\u0117 (Lettonie)<\/li>\n<\/ul>\n<p><img loading=\"lazy\" decoding=\"async\" class=\"alignnone size-full wp-image-53314\" src=\"https:\/\/ife.ee\/wp-content\/uploads\/2022\/03\/sans-titre32-e1648129920323.png\" alt=\"\" width=\"423\" height=\"600\" srcset=\"https:\/\/ife.ee\/wp-content\/uploads\/2022\/03\/sans-titre32-e1648129920323.png 423w, https:\/\/ife.ee\/wp-content\/uploads\/2022\/03\/sans-titre32-e1648129920323-212x300.png 212w\" sizes=\"auto, (max-width: 423px) 100vw, 423px\" \/><\/p>\n","protected":false},"excerpt":{"rendered":"<p>Merci \u00e0 tous les participants du concours &#8220;C&#8217;est quoi l&#8217;Europe ?&#8221; et pour vos merveilleux travaux qui nous ont permis de voyager !&nbsp;<br \/>\n&nbsp;<br \/>\nC&#8217;est quoi l&#8217;Europe ?<br \/>\nF\u00e9licitations \u00e0 K.Mitt, M. Mancevica et K.Stunkus grandes gagnantes du concours :&nbsp;<\/p>\n<p>Karola Mitt (Estonie)<br \/>\nMia Mancevica (Lettonie)<br \/>\nKate Stunkus (Lettonie)<\/p>\n<p>F\u00e9licitations \u00e0 A.Srivastava et U.\u0160imkaityt\u0117 gagnants de prix sp\u00e9ciaux :&nbsp;<\/p>\n<p>Prix sp\u00e9cial de la Francophonie : Aaryan Srivastava (Estonie)<br \/>\nPrix sp\u00e9cial de la cr\u00e9ativit\u00e9 : Ugn\u0117 \u0160imkaityt\u0117 (Lettonie)<\/p>\n<p>&nbsp;<br \/>\nVous serez contact\u00e9 ult\u00e9rieurement par Ulric Le Flohic, surveillez votre bo\u00eete mail et vos spams ! Merci \u00e0 tous les participants et merci \u00e0 nos partenaires (l&#8217;Ambassade de Tunisie en Finlande, Repr\u00e9sentation du Canada et de la Suisse en Estonie) pour les r\u00e9compenses.<br \/>\n&nbsp;<br \/>\nLes travaux des gagnantes et des prix sp\u00e9ciaux :<\/p>\n<p>&#8220;Le Mont Saint-Michel&#8221;&nbsp; de Karola Mitt (Estonie)<\/p>\n<p>\n&nbsp;<\/p>\n<p>&#8220;D\u00fcsseldorf&#8221; &#8211; Mia Mancevica (Lettonie)<\/p>\n<p>\n&nbsp;<\/p>\n<p>&#8220;Valence&#8221; &#8211; Kate Stunkus (Lettonie)<\/p>\n<p>\n&nbsp;<\/p>\n<p>Prix sp\u00e9cial de la Francophonie : Aaryan Srivastava (Estonie)<\/p>\n<p>\n&nbsp;<\/p>\n<p>Prix sp\u00e9cial de la cr\u00e9ativit\u00e9 : Ugn\u0117 \u0160imkaityt\u0117 (Lettonie)<\/p>\n<p><\/p>\n","protected":false},"author":170,"featured_media":53279,"comment_status":"closed","ping_status":"closed","sticky":false,"template":"","format":"standard","meta":{"_monsterinsights_skip_tracking":false,"_monsterinsights_sitenote_active":false,"_monsterinsights_sitenote_note":"","_monsterinsights_sitenote_category":0,"ngg_post_thumbnail":0,"footnotes":""},"categories":[85],"tags":[2539,524,2541,2540],"class_list":["post-53276","post","type-post","status-publish","format-standard","has-post-thumbnail","hentry","category-evenements","tag-cest-quoi-leurope","tag-concours","tag-concours-decriture","tag-francophonie-2022"],"yoast_head":"<!-- This site is optimized with the Yoast SEO plugin v27.3 - https:\/\/yoast.com\/product\/yoast-seo-wordpress\/ -->\n<title>Gagnants du concours &quot;C&#039;est quoi l&#039;Europe ?&quot; | Francophonie - Institut fran\u00e7ais d&#039;Estonie<\/title>\n<meta name=\"description\" content=\"Merci \u00e0 tous les participants du concours &quot;C&#039;est quoi l&#039;Europe ?&quot; et pour vos merveilleux travaux qui nous ont permis de voyager !&nbsp; &nbsp; C&#039;est quoi\" \/>\n<meta name=\"robots\" content=\"index, follow, max-snippet:-1, max-image-preview:large, max-video-preview:-1\" \/>\n<link rel=\"canonical\" href=\"https:\/\/ife.ee\/fr\/concours-decriture-creatif-cest-quoi-leurope-francophonie-2022-gagnants\/\" \/>\n<meta name=\"twitter:card\" content=\"summary_large_image\" \/>\n<meta name=\"twitter:title\" content=\"Gagnants du concours &quot;C&#039;est quoi l&#039;Europe ?&quot; | Francophonie - Institut fran\u00e7ais d&#039;Estonie\" \/>\n<meta name=\"twitter:description\" content=\"Merci \u00e0 tous les participants du concours &quot;C&#039;est quoi l&#039;Europe ?&quot; et pour vos merveilleux travaux qui nous ont permis de voyager !&nbsp; &nbsp; C&#039;est quoi\" \/>\n<meta name=\"twitter:image\" content=\"https:\/\/ife.ee\/wp-content\/uploads\/2022\/03\/cest-quoi-leurope-119655-1086x1536-1.png\" \/>\n<meta name=\"twitter:creator\" content=\"@IF_Estonie\" \/>\n<meta name=\"twitter:site\" content=\"@IF_Estonie\" \/>\n<meta name=\"twitter:label1\" content=\"\u00c9crit par\" \/>\n\t<meta name=\"twitter:data1\" content=\"dora\" \/>\n\t<meta name=\"twitter:label2\" content=\"Dur\u00e9e de lecture estim\u00e9e\" \/>\n\t<meta name=\"twitter:data2\" content=\"2 minutes\" \/>\n<script type=\"application\/ld+json\" class=\"yoast-schema-graph\">{\"@context\":\"https:\\\/\\\/schema.org\",\"@graph\":[{\"@type\":\"Article\",\"@id\":\"https:\\\/\\\/ife.ee\\\/fr\\\/concours-decriture-creatif-cest-quoi-leurope-francophonie-2022-gagnants\\\/#article\",\"isPartOf\":{\"@id\":\"https:\\\/\\\/ife.ee\\\/fr\\\/concours-decriture-creatif-cest-quoi-leurope-francophonie-2022-gagnants\\\/\"},\"author\":{\"name\":\"dora\",\"@id\":\"https:\\\/\\\/ife.ee\\\/#\\\/schema\\\/person\\\/641455fbb19ed6f816a385d27078ed24\"},\"headline\":\"Gagnants du concours &#8220;C&#8217;est quoi l&#8217;Europe ?&#8221; | Francophonie\",\"datePublished\":\"2022-03-31T08:27:13+00:00\",\"dateModified\":\"2022-03-31T08:38:11+00:00\",\"mainEntityOfPage\":{\"@id\":\"https:\\\/\\\/ife.ee\\\/fr\\\/concours-decriture-creatif-cest-quoi-leurope-francophonie-2022-gagnants\\\/\"},\"wordCount\":184,\"image\":{\"@id\":\"https:\\\/\\\/ife.ee\\\/fr\\\/concours-decriture-creatif-cest-quoi-leurope-francophonie-2022-gagnants\\\/#primaryimage\"},\"thumbnailUrl\":\"https:\\\/\\\/ife.ee\\\/wp-content\\\/uploads\\\/2022\\\/03\\\/cest-quoi-leurope-119655-1086x1536-1.png\",\"keywords\":[\"C'est quoi l'Europe\",\"Concours\",\"Concours d'\u00e9criture\",\"Francophonie 2022\"],\"articleSection\":[\"Ev\u00e9nements\"],\"inLanguage\":\"fr-FR\"},{\"@type\":\"WebPage\",\"@id\":\"https:\\\/\\\/ife.ee\\\/fr\\\/concours-decriture-creatif-cest-quoi-leurope-francophonie-2022-gagnants\\\/\",\"url\":\"https:\\\/\\\/ife.ee\\\/fr\\\/concours-decriture-creatif-cest-quoi-leurope-francophonie-2022-gagnants\\\/\",\"name\":\"Gagnants du concours \\\"C'est quoi l'Europe ?\\\" | Francophonie - Institut fran\u00e7ais d'Estonie\",\"isPartOf\":{\"@id\":\"https:\\\/\\\/ife.ee\\\/#website\"},\"primaryImageOfPage\":{\"@id\":\"https:\\\/\\\/ife.ee\\\/fr\\\/concours-decriture-creatif-cest-quoi-leurope-francophonie-2022-gagnants\\\/#primaryimage\"},\"image\":{\"@id\":\"https:\\\/\\\/ife.ee\\\/fr\\\/concours-decriture-creatif-cest-quoi-leurope-francophonie-2022-gagnants\\\/#primaryimage\"},\"thumbnailUrl\":\"https:\\\/\\\/ife.ee\\\/wp-content\\\/uploads\\\/2022\\\/03\\\/cest-quoi-leurope-119655-1086x1536-1.png\",\"datePublished\":\"2022-03-31T08:27:13+00:00\",\"dateModified\":\"2022-03-31T08:38:11+00:00\",\"author\":{\"@id\":\"https:\\\/\\\/ife.ee\\\/#\\\/schema\\\/person\\\/641455fbb19ed6f816a385d27078ed24\"},\"description\":\"Merci \u00e0 tous les participants du concours \\\"C'est quoi l'Europe ?\\\" et pour vos merveilleux travaux qui nous ont permis de voyager !&nbsp; &nbsp; C'est quoi\",\"breadcrumb\":{\"@id\":\"https:\\\/\\\/ife.ee\\\/fr\\\/concours-decriture-creatif-cest-quoi-leurope-francophonie-2022-gagnants\\\/#breadcrumb\"},\"inLanguage\":\"fr-FR\",\"potentialAction\":[{\"@type\":\"ReadAction\",\"target\":[\"https:\\\/\\\/ife.ee\\\/fr\\\/concours-decriture-creatif-cest-quoi-leurope-francophonie-2022-gagnants\\\/\"]}]},{\"@type\":\"ImageObject\",\"inLanguage\":\"fr-FR\",\"@id\":\"https:\\\/\\\/ife.ee\\\/fr\\\/concours-decriture-creatif-cest-quoi-leurope-francophonie-2022-gagnants\\\/#primaryimage\",\"url\":\"https:\\\/\\\/ife.ee\\\/wp-content\\\/uploads\\\/2022\\\/03\\\/cest-quoi-leurope-119655-1086x1536-1.png\",\"contentUrl\":\"https:\\\/\\\/ife.ee\\\/wp-content\\\/uploads\\\/2022\\\/03\\\/cest-quoi-leurope-119655-1086x1536-1.png\",\"width\":1086,\"height\":1536},{\"@type\":\"BreadcrumbList\",\"@id\":\"https:\\\/\\\/ife.ee\\\/fr\\\/concours-decriture-creatif-cest-quoi-leurope-francophonie-2022-gagnants\\\/#breadcrumb\",\"itemListElement\":[{\"@type\":\"ListItem\",\"position\":1,\"name\":\"Home\",\"item\":\"https:\\\/\\\/ife.ee\\\/fr\\\/\"},{\"@type\":\"ListItem\",\"position\":2,\"name\":\"Gagnants du concours &#8220;C&#8217;est quoi l&#8217;Europe ?&#8221; | Francophonie\"}]},{\"@type\":\"WebSite\",\"@id\":\"https:\\\/\\\/ife.ee\\\/#website\",\"url\":\"https:\\\/\\\/ife.ee\\\/\",\"name\":\"Prantsuse Instituut Eestis\",\"description\":\"ESTONIE\",\"potentialAction\":[{\"@type\":\"SearchAction\",\"target\":{\"@type\":\"EntryPoint\",\"urlTemplate\":\"https:\\\/\\\/ife.ee\\\/?s={search_term_string}\"},\"query-input\":{\"@type\":\"PropertyValueSpecification\",\"valueRequired\":true,\"valueName\":\"search_term_string\"}}],\"inLanguage\":\"fr-FR\"},{\"@type\":\"Person\",\"@id\":\"https:\\\/\\\/ife.ee\\\/#\\\/schema\\\/person\\\/641455fbb19ed6f816a385d27078ed24\",\"name\":\"dora\",\"url\":\"https:\\\/\\\/ife.ee\\\/fr\\\/author\\\/dora\\\/\"}]}<\/script>\n<!-- \/ Yoast SEO plugin. -->","yoast_head_json":{"title":"Gagnants du concours \"C'est quoi l'Europe ?\" | Francophonie - Institut fran\u00e7ais d'Estonie","description":"Merci \u00e0 tous les participants du concours \"C'est quoi l'Europe ?\" et pour vos merveilleux travaux qui nous ont permis de voyager !&nbsp; &nbsp; C'est quoi","robots":{"index":"index","follow":"follow","max-snippet":"max-snippet:-1","max-image-preview":"max-image-preview:large","max-video-preview":"max-video-preview:-1"},"canonical":"https:\/\/ife.ee\/fr\/concours-decriture-creatif-cest-quoi-leurope-francophonie-2022-gagnants\/","twitter_card":"summary_large_image","twitter_title":"Gagnants du concours \"C'est quoi l'Europe ?\" | Francophonie - Institut fran\u00e7ais d'Estonie","twitter_description":"Merci \u00e0 tous les participants du concours \"C'est quoi l'Europe ?\" et pour vos merveilleux travaux qui nous ont permis de voyager !&nbsp; &nbsp; C'est quoi","twitter_image":"https:\/\/ife.ee\/wp-content\/uploads\/2022\/03\/cest-quoi-leurope-119655-1086x1536-1.png","twitter_creator":"@IF_Estonie","twitter_site":"@IF_Estonie","twitter_misc":{"\u00c9crit par":"dora","Dur\u00e9e de lecture estim\u00e9e":"2 minutes"},"schema":{"@context":"https:\/\/schema.org","@graph":[{"@type":"Article","@id":"https:\/\/ife.ee\/fr\/concours-decriture-creatif-cest-quoi-leurope-francophonie-2022-gagnants\/#article","isPartOf":{"@id":"https:\/\/ife.ee\/fr\/concours-decriture-creatif-cest-quoi-leurope-francophonie-2022-gagnants\/"},"author":{"name":"dora","@id":"https:\/\/ife.ee\/#\/schema\/person\/641455fbb19ed6f816a385d27078ed24"},"headline":"Gagnants du concours &#8220;C&#8217;est quoi l&#8217;Europe ?&#8221; | Francophonie","datePublished":"2022-03-31T08:27:13+00:00","dateModified":"2022-03-31T08:38:11+00:00","mainEntityOfPage":{"@id":"https:\/\/ife.ee\/fr\/concours-decriture-creatif-cest-quoi-leurope-francophonie-2022-gagnants\/"},"wordCount":184,"image":{"@id":"https:\/\/ife.ee\/fr\/concours-decriture-creatif-cest-quoi-leurope-francophonie-2022-gagnants\/#primaryimage"},"thumbnailUrl":"https:\/\/ife.ee\/wp-content\/uploads\/2022\/03\/cest-quoi-leurope-119655-1086x1536-1.png","keywords":["C'est quoi l'Europe","Concours","Concours d'\u00e9criture","Francophonie 2022"],"articleSection":["Ev\u00e9nements"],"inLanguage":"fr-FR"},{"@type":"WebPage","@id":"https:\/\/ife.ee\/fr\/concours-decriture-creatif-cest-quoi-leurope-francophonie-2022-gagnants\/","url":"https:\/\/ife.ee\/fr\/concours-decriture-creatif-cest-quoi-leurope-francophonie-2022-gagnants\/","name":"Gagnants du concours \"C'est quoi l'Europe ?\" | Francophonie - Institut fran\u00e7ais d'Estonie","isPartOf":{"@id":"https:\/\/ife.ee\/#website"},"primaryImageOfPage":{"@id":"https:\/\/ife.ee\/fr\/concours-decriture-creatif-cest-quoi-leurope-francophonie-2022-gagnants\/#primaryimage"},"image":{"@id":"https:\/\/ife.ee\/fr\/concours-decriture-creatif-cest-quoi-leurope-francophonie-2022-gagnants\/#primaryimage"},"thumbnailUrl":"https:\/\/ife.ee\/wp-content\/uploads\/2022\/03\/cest-quoi-leurope-119655-1086x1536-1.png","datePublished":"2022-03-31T08:27:13+00:00","dateModified":"2022-03-31T08:38:11+00:00","author":{"@id":"https:\/\/ife.ee\/#\/schema\/person\/641455fbb19ed6f816a385d27078ed24"},"description":"Merci \u00e0 tous les participants du concours \"C'est quoi l'Europe ?\" et pour vos merveilleux travaux qui nous ont permis de voyager !&nbsp; &nbsp; C'est quoi","breadcrumb":{"@id":"https:\/\/ife.ee\/fr\/concours-decriture-creatif-cest-quoi-leurope-francophonie-2022-gagnants\/#breadcrumb"},"inLanguage":"fr-FR","potentialAction":[{"@type":"ReadAction","target":["https:\/\/ife.ee\/fr\/concours-decriture-creatif-cest-quoi-leurope-francophonie-2022-gagnants\/"]}]},{"@type":"ImageObject","inLanguage":"fr-FR","@id":"https:\/\/ife.ee\/fr\/concours-decriture-creatif-cest-quoi-leurope-francophonie-2022-gagnants\/#primaryimage","url":"https:\/\/ife.ee\/wp-content\/uploads\/2022\/03\/cest-quoi-leurope-119655-1086x1536-1.png","contentUrl":"https:\/\/ife.ee\/wp-content\/uploads\/2022\/03\/cest-quoi-leurope-119655-1086x1536-1.png","width":1086,"height":1536},{"@type":"BreadcrumbList","@id":"https:\/\/ife.ee\/fr\/concours-decriture-creatif-cest-quoi-leurope-francophonie-2022-gagnants\/#breadcrumb","itemListElement":[{"@type":"ListItem","position":1,"name":"Home","item":"https:\/\/ife.ee\/fr\/"},{"@type":"ListItem","position":2,"name":"Gagnants du concours &#8220;C&#8217;est quoi l&#8217;Europe ?&#8221; | Francophonie"}]},{"@type":"WebSite","@id":"https:\/\/ife.ee\/#website","url":"https:\/\/ife.ee\/","name":"Prantsuse Instituut Eestis","description":"ESTONIE","potentialAction":[{"@type":"SearchAction","target":{"@type":"EntryPoint","urlTemplate":"https:\/\/ife.ee\/?s={search_term_string}"},"query-input":{"@type":"PropertyValueSpecification","valueRequired":true,"valueName":"search_term_string"}}],"inLanguage":"fr-FR"},{"@type":"Person","@id":"https:\/\/ife.ee\/#\/schema\/person\/641455fbb19ed6f816a385d27078ed24","name":"dora","url":"https:\/\/ife.ee\/fr\/author\/dora\/"}]}},"_links":{"self":[{"href":"https:\/\/ife.ee\/fr\/wp-json\/wp\/v2\/posts\/53276","targetHints":{"allow":["GET"]}}],"collection":[{"href":"https:\/\/ife.ee\/fr\/wp-json\/wp\/v2\/posts"}],"about":[{"href":"https:\/\/ife.ee\/fr\/wp-json\/wp\/v2\/types\/post"}],"author":[{"embeddable":true,"href":"https:\/\/ife.ee\/fr\/wp-json\/wp\/v2\/users\/170"}],"replies":[{"embeddable":true,"href":"https:\/\/ife.ee\/fr\/wp-json\/wp\/v2\/comments?post=53276"}],"version-history":[{"count":0,"href":"https:\/\/ife.ee\/fr\/wp-json\/wp\/v2\/posts\/53276\/revisions"}],"wp:featuredmedia":[{"embeddable":true,"href":"https:\/\/ife.ee\/fr\/wp-json\/wp\/v2\/media\/53279"}],"wp:attachment":[{"href":"https:\/\/ife.ee\/fr\/wp-json\/wp\/v2\/media?parent=53276"}],"wp:term":[{"taxonomy":"category","embeddable":true,"href":"https:\/\/ife.ee\/fr\/wp-json\/wp\/v2\/categories?post=53276"},{"taxonomy":"post_tag","embeddable":true,"href":"https:\/\/ife.ee\/fr\/wp-json\/wp\/v2\/tags?post=53276"}],"curies":[{"name":"wp","href":"https:\/\/api.w.org\/{rel}","templated":true}]}}