{"id":49445,"date":"2021-08-16T13:00:51","date_gmt":"2021-08-16T11:00:51","guid":{"rendered":"https:\/\/ife.ee\/?p=49445"},"modified":"2021-08-16T14:22:53","modified_gmt":"2021-08-16T12:22:53","slug":"tallinn-de-la-creation-francaise-au-festival-animist","status":"publish","type":"post","link":"https:\/\/ife.ee\/fr\/tallinn-de-la-creation-francaise-au-festival-animist\/","title":{"rendered":"De la cr\u00e9ation fran\u00e7aise au festival Animist"},"content":{"rendered":"<p><span style=\"font-size: 20px;\"><strong>Le festival Animist, festival du film d\u2019animation de Tallinn, pr\u00e9sente dans sa comp\u00e9tition 2021 plusieurs \u0153uvres fran\u00e7aises. Productions ou co-productions, l\u2019Institut vous pr\u00e9sente ces films !<\/strong><\/span><\/p>\n<p>Animist, c\u2019est un festival de film d\u2019animation r\u00e9cent qui veut promouvoir la cr\u00e9ation anim\u00e9e contemporaine en tant qu\u2019art \u00e0 part. Plusieurs cat\u00e9gories de comp\u00e9tition avivent le festival, dont la comp\u00e9tition officielle et la comp\u00e9tition de film \u00e9tudiants, par exemple.&nbsp;<\/p>\n<p>&nbsp;<\/p>\n<h3><strong>Les productions fran\u00e7aises en comp\u00e9tition&nbsp;:<\/strong><\/h3>\n<p>&nbsp;<\/p>\n<h4><em>At The Edge<\/em> (2020)<\/h4>\n<p>R\u00e9alis\u00e9 par Sylvie Denet, ce court-m\u00e9trage de cinq minutes propose un travail int\u00e9ressant sur une famille en vacances, posant pour leurs photos de souvenirs. Le film interroge les moments avant et apr\u00e8s le clic de l\u2019appareil photo.<\/p>\n<p><img loading=\"lazy\" decoding=\"async\" class=\"alignnone  wp-image-49454\" src=\"https:\/\/ife.ee\/wp-content\/uploads\/2021\/08\/atyhedge-min-300x158.png\" alt=\"\" width=\"811\" height=\"427\" srcset=\"https:\/\/ife.ee\/wp-content\/uploads\/2021\/08\/atyhedge-min-300x158.png 300w, https:\/\/ife.ee\/wp-content\/uploads\/2021\/08\/atyhedge-min-768x404.png 768w, https:\/\/ife.ee\/wp-content\/uploads\/2021\/08\/atyhedge-min-600x316.png 600w, https:\/\/ife.ee\/wp-content\/uploads\/2021\/08\/atyhedge-min.png 1200w\" sizes=\"auto, (max-width: 811px) 100vw, 811px\" \/> &nbsp; &nbsp;&nbsp;<\/p>\n<p>&nbsp;<\/p>\n<h4><em>Comme un fleuve<\/em> (2020)<\/h4>\n<p>Durant un quart d\u2019heure, Sandra Desmazi\u00e8res nous plonge dans l\u2019histoire de deux s\u0153urs vietnamiennes s\u00e9par\u00e9es au Nord et au Sud du pays durant la guerre. Une s\u00e9paration qui dure 20 ans, et qui survit via une correspondance litt\u00e9raire entre les deux s\u0153urs. Elles s\u2019\u00e9crivent, se racontent, parlent de leurs vies quotidiennes, de leurs souvenirs, de la guerre et ses fant\u00f4mes. Le film est une coproduction franco-canadienne et a d\u00e9j\u00e0 \u00e9t\u00e9 accueilli dans plusieurs festivals de cin\u00e9ma, en Belgique ou en Autriche par exemple.<\/p>\n<p><img loading=\"lazy\" decoding=\"async\" class=\"alignnone  wp-image-49458\" src=\"https:\/\/ife.ee\/wp-content\/uploads\/2021\/08\/commeunfleuve-min-300x158.png\" alt=\"\" width=\"807\" height=\"425\" srcset=\"https:\/\/ife.ee\/wp-content\/uploads\/2021\/08\/commeunfleuve-min-300x158.png 300w, https:\/\/ife.ee\/wp-content\/uploads\/2021\/08\/commeunfleuve-min-768x404.png 768w, https:\/\/ife.ee\/wp-content\/uploads\/2021\/08\/commeunfleuve-min-600x316.png 600w, https:\/\/ife.ee\/wp-content\/uploads\/2021\/08\/commeunfleuve-min.png 1200w\" sizes=\"auto, (max-width: 807px) 100vw, 807px\" \/><\/p>\n<p>&nbsp;<\/p>\n<h4><em>Horacio<\/em> (2020)<\/h4>\n<p>Caroline Cherrier a r\u00e9alis\u00e9 ce film de dix minutes au sujet de Guillaume, qui tue Horacio car ce dernier criait trop fort. Lors du proc\u00e8s, Guillaume \u00e9tonne avec son explication vide de sens. Il purge dix ans de prison et lorsqu\u2019il sort enfin, ses raisons du meurtre ne convainquent toujours personne. D\u2019autant plus que quelqu\u2019un d\u2019autre recommence \u00e0 crier, plus fort. S\u00e9lectionn\u00e9 \u00e0 Annecy et dans d\u2019autres festivals, le film re\u00e7oit \u00e9galement le Prix Unifrance du court-m\u00e9trage 2021.<\/p>\n<p><img loading=\"lazy\" decoding=\"async\" class=\"alignnone  wp-image-49462\" src=\"https:\/\/ife.ee\/wp-content\/uploads\/2021\/08\/horacio-min-300x158.png\" alt=\"\" width=\"813\" height=\"428\" srcset=\"https:\/\/ife.ee\/wp-content\/uploads\/2021\/08\/horacio-min-300x158.png 300w, https:\/\/ife.ee\/wp-content\/uploads\/2021\/08\/horacio-min-768x404.png 768w, https:\/\/ife.ee\/wp-content\/uploads\/2021\/08\/horacio-min-600x316.png 600w, https:\/\/ife.ee\/wp-content\/uploads\/2021\/08\/horacio-min.png 1200w\" sizes=\"auto, (max-width: 813px) 100vw, 813px\" \/><\/p>\n<p>&nbsp;<\/p>\n<h4><em>Mom <\/em>(2020)<\/h4>\n<p>Ce court de dix minutes \u00e9galement introduit le spectateur dans un monde dystopique. Une jeune fille fuit pour sa vie alors que des cam\u00e9ras filment et diffusent l\u2019action de sa fuite. Le film de Kajika Aki Ferrazzini se trouve \u00eatre une belle d\u00e9claration d\u2019amour aux souvenirs qui forment nos r\u00eaves d\u2019avenir. Le film a d\u00e9j\u00e0 \u00e9t\u00e9 s\u00e9lectionn\u00e9 au prestigieux festival du film d\u2019animation d\u2019Annecy et a aussi \u00e9t\u00e9 pr\u00e9sent\u00e9 au Danemark. <em>&nbsp;<\/em><\/p>\n<p><img loading=\"lazy\" decoding=\"async\" class=\"alignnone  wp-image-49466\" src=\"https:\/\/ife.ee\/wp-content\/uploads\/2021\/08\/mom-min-300x158.png\" alt=\"\" width=\"811\" height=\"427\" srcset=\"https:\/\/ife.ee\/wp-content\/uploads\/2021\/08\/mom-min-300x158.png 300w, https:\/\/ife.ee\/wp-content\/uploads\/2021\/08\/mom-min-768x404.png 768w, https:\/\/ife.ee\/wp-content\/uploads\/2021\/08\/mom-min-600x316.png 600w, https:\/\/ife.ee\/wp-content\/uploads\/2021\/08\/mom-min.png 1200w\" sizes=\"auto, (max-width: 811px) 100vw, 811px\" \/><\/p>\n<p>&nbsp;<\/p>\n<h4><em>Purple Boy<\/em> (2019)<\/h4>\n<p>Co-production franco-portugaise-belge, le film de d\u2019Alexandre Siqueira de quatorze minutes interroge notre rapport \u00e0 l\u2019identit\u00e9 sexuelle et au genre. Oscar germe dans le jardin de ses parents. Son corps se d\u00e9veloppe dans la terre et personne ne conna\u00eet son sexe biologique. Il souhaite \u00eatre un gar\u00e7on et pourtant, son corps une fois d\u00e9couvert est un corps f\u00e9minin. Obtiendra-t-il la reconnaissance de son identit\u00e9 qu\u2019il d\u00e9sire tant ? Le film a \u00e9t\u00e9 s\u00e9lectionn\u00e9 dans de nombreux festivals de cin\u00e9ma, en Suisse, au Royaume-Uni, aux \u00c9tats-Unis, ou encore en Colombie.<\/p>\n<p><img loading=\"lazy\" decoding=\"async\" class=\"alignnone  wp-image-49470\" src=\"https:\/\/ife.ee\/wp-content\/uploads\/2021\/08\/purpkleboy-min-300x158.png\" alt=\"\" width=\"811\" height=\"427\" srcset=\"https:\/\/ife.ee\/wp-content\/uploads\/2021\/08\/purpkleboy-min-300x158.png 300w, https:\/\/ife.ee\/wp-content\/uploads\/2021\/08\/purpkleboy-min-768x404.png 768w, https:\/\/ife.ee\/wp-content\/uploads\/2021\/08\/purpkleboy-min-600x316.png 600w, https:\/\/ife.ee\/wp-content\/uploads\/2021\/08\/purpkleboy-min.png 1200w\" sizes=\"auto, (max-width: 811px) 100vw, 811px\" \/><\/p>\n<p>&nbsp;<\/p>\n<h3><strong>Animist pr\u00e9sente \u00e9galement une coproduction fran\u00e7aise dans la comp\u00e9tition des \u00e9tudiants :<\/strong><\/h3>\n<p>&nbsp;<\/p>\n<h4><em>SH_T Happens<\/em> (2019)<\/h4>\n<p>Une coproduction franco-tch\u00e8que-slovaque de treize minutes qui raconte l\u2019histoire d\u2019un gardien \u00e9puis\u00e9 par tout, dont sa femme frustr\u00e9e et un cerf absolument d\u00e9prim\u00e9. Leur d\u00e9sespoir mutuel les conduit \u00e0 des \u00e9v\u00e9nements absurdes, car la m*rde arrive tout le temps.<\/p>\n<p><img loading=\"lazy\" decoding=\"async\" class=\"alignnone  wp-image-49474\" src=\"https:\/\/ife.ee\/wp-content\/uploads\/2021\/08\/shit-min-300x158.png\" alt=\"\" width=\"816\" height=\"430\" srcset=\"https:\/\/ife.ee\/wp-content\/uploads\/2021\/08\/shit-min-300x158.png 300w, https:\/\/ife.ee\/wp-content\/uploads\/2021\/08\/shit-min-768x404.png 768w, https:\/\/ife.ee\/wp-content\/uploads\/2021\/08\/shit-min-600x316.png 600w, https:\/\/ife.ee\/wp-content\/uploads\/2021\/08\/shit-min.png 1200w\" sizes=\"auto, (max-width: 816px) 100vw, 816px\" \/><\/p>\n<p>&nbsp;<\/p>\n<p>Les tickets pour le festival Animist sont \u00e0 <a href=\"https:\/\/fienta.com\/o\/6698\">prendre ici<\/a> ; les projections sont class\u00e9es en cat\u00e9gories. <em>Horacio<\/em> et <em>Purple Boy<\/em> sont \u00e0 retrouver dans la cat\u00e9gorie de comp\u00e9tition \u00ab&nbsp;To be a boy&nbsp;\u00bb. <em>At The Edge<\/em>, <em>Comme un fleuve<\/em> et <em>SH_T Happens<\/em> eux sont int\u00e9gr\u00e9s dans la cat\u00e9gorie de comp\u00e9tition \u00ab We were at sea \u00bb. Enfin, <em>Mom<\/em> est \u00e0 inclus dans la cat\u00e9gorie \u00ab Zone of discomfort \u00bb.<\/p>\n<p>L\u2019ensemble du programme de la comp\u00e9tition est \u00e0 <a href=\"https:\/\/animistfestival.eu\/en\/340-2\/\">d\u00e9couvrir ici<\/a> !<\/p>\n","protected":false},"excerpt":{"rendered":"<p>Le festival Animist, festival du film d\u2019animation de Tallinn, pr\u00e9sente dans sa comp\u00e9tition 2021 plusieurs \u0153uvres fran\u00e7aises. Productions ou co-productions, l\u2019Institut vous pr\u00e9sente ces films !<br \/>\nAnimist, c\u2019est un festival de film d\u2019animation r\u00e9cent qui veut promouvoir la cr\u00e9ation anim\u00e9e contemporaine en tant qu\u2019art \u00e0 part. Plusieurs cat\u00e9gories de comp\u00e9tition avivent le festival, dont la comp\u00e9tition officielle et la comp\u00e9tition de film \u00e9tudiants, par exemple.&nbsp;<br \/>\n&nbsp;<br \/>\nLes productions fran\u00e7aises en comp\u00e9tition&nbsp;:<br \/>\n&nbsp;<br \/>\nAt The Edge (2020)<br \/>\nR\u00e9alis\u00e9 par Sylvie Denet, ce court-m\u00e9trage de cinq minutes propose un travail int\u00e9ressant sur une famille en vacances, posant pour leurs photos de souvenirs. Le film interroge les moments avant et apr\u00e8s le clic de l\u2019appareil photo.<br \/>\n &nbsp; &nbsp;&nbsp;<br \/>\n&nbsp;<br \/>\nComme un fleuve (2020)<br \/>\nDurant un quart d\u2019heure, Sandra Desmazi\u00e8res nous plonge dans l\u2019histoire de deux s\u0153urs vietnamiennes s\u00e9par\u00e9es au Nord et au Sud du pays durant la guerre. Une s\u00e9paration qui dure 20 ans, et qui survit via une correspondance litt\u00e9raire entre les deux s\u0153urs. Elles s\u2019\u00e9crivent, se racontent, parlent de leurs vies quotidiennes, de leurs souvenirs, de la guerre et ses fant\u00f4mes. Le film est une coproduction franco-canadienne et a d\u00e9j\u00e0 \u00e9t\u00e9 accueilli dans plusieurs festivals de cin\u00e9ma, en Belgique ou<\/p>\n","protected":false},"author":1,"featured_media":49450,"comment_status":"closed","ping_status":"closed","sticky":false,"template":"","format":"standard","meta":{"_monsterinsights_skip_tracking":false,"_monsterinsights_sitenote_active":false,"_monsterinsights_sitenote_note":"","_monsterinsights_sitenote_category":0,"ngg_post_thumbnail":0,"footnotes":""},"categories":[85],"tags":[2184,2185,514,527,548,702,1154],"class_list":["post-49445","post","type-post","status-publish","format-standard","has-post-thumbnail","hentry","category-evenements","tag-animation","tag-animist","tag-cinema","tag-festival","tag-film","tag-france","tag-tallinn-fr"],"yoast_head":"<!-- This site is optimized with the Yoast SEO plugin v27.3 - https:\/\/yoast.com\/product\/yoast-seo-wordpress\/ -->\n<title>De la cr\u00e9ation fran\u00e7aise au festival Animist - Institut fran\u00e7ais d&#039;Estonie<\/title>\n<meta name=\"description\" content=\"Le festival d&#039;animation de Tallinn, Animist, pr\u00e9sente dans son programme de comp\u00e9tition plusieurs productions ou co-productions fran\u00e7aises !\" \/>\n<meta name=\"robots\" content=\"index, follow, max-snippet:-1, max-image-preview:large, max-video-preview:-1\" \/>\n<link rel=\"canonical\" href=\"https:\/\/ife.ee\/fr\/tallinn-de-la-creation-francaise-au-festival-animist\/\" \/>\n<meta name=\"twitter:card\" content=\"summary_large_image\" \/>\n<meta name=\"twitter:title\" content=\"De la cr\u00e9ation fran\u00e7aise au festival Animist - Institut fran\u00e7ais d&#039;Estonie\" \/>\n<meta name=\"twitter:description\" content=\"Le festival d&#039;animation de Tallinn, Animist, pr\u00e9sente dans son programme de comp\u00e9tition plusieurs productions ou co-productions fran\u00e7aises !\" \/>\n<meta name=\"twitter:image\" content=\"https:\/\/ife.ee\/wp-content\/uploads\/2021\/08\/sans-titre-10-min.png\" \/>\n<meta name=\"twitter:creator\" content=\"@IF_Estonie\" \/>\n<meta name=\"twitter:site\" content=\"@IF_Estonie\" \/>\n<meta name=\"twitter:label1\" content=\"\u00c9crit par\" \/>\n\t<meta name=\"twitter:data1\" content=\"IFE\" \/>\n\t<meta name=\"twitter:label2\" content=\"Dur\u00e9e de lecture estim\u00e9e\" \/>\n\t<meta name=\"twitter:data2\" content=\"4 minutes\" \/>\n<script type=\"application\/ld+json\" class=\"yoast-schema-graph\">{\"@context\":\"https:\\\/\\\/schema.org\",\"@graph\":[{\"@type\":\"Article\",\"@id\":\"https:\\\/\\\/ife.ee\\\/fr\\\/tallinn-de-la-creation-francaise-au-festival-animist\\\/#article\",\"isPartOf\":{\"@id\":\"https:\\\/\\\/ife.ee\\\/fr\\\/tallinn-de-la-creation-francaise-au-festival-animist\\\/\"},\"author\":{\"name\":\"IFE\",\"@id\":\"https:\\\/\\\/ife.ee\\\/#\\\/schema\\\/person\\\/b83e2145839eec2c847dda81d174b4c8\"},\"headline\":\"De la cr\u00e9ation fran\u00e7aise au festival Animist\",\"datePublished\":\"2021-08-16T11:00:51+00:00\",\"dateModified\":\"2021-08-16T12:22:53+00:00\",\"mainEntityOfPage\":{\"@id\":\"https:\\\/\\\/ife.ee\\\/fr\\\/tallinn-de-la-creation-francaise-au-festival-animist\\\/\"},\"wordCount\":668,\"image\":{\"@id\":\"https:\\\/\\\/ife.ee\\\/fr\\\/tallinn-de-la-creation-francaise-au-festival-animist\\\/#primaryimage\"},\"thumbnailUrl\":\"https:\\\/\\\/ife.ee\\\/wp-content\\\/uploads\\\/2021\\\/08\\\/sans-titre-10-min.png\",\"keywords\":[\"animation\",\"animist\",\"Cin\u00e9ma\",\"festival\",\"Film\",\"France\",\"tallinn\"],\"articleSection\":[\"Ev\u00e9nements\"],\"inLanguage\":\"fr-FR\"},{\"@type\":\"WebPage\",\"@id\":\"https:\\\/\\\/ife.ee\\\/fr\\\/tallinn-de-la-creation-francaise-au-festival-animist\\\/\",\"url\":\"https:\\\/\\\/ife.ee\\\/fr\\\/tallinn-de-la-creation-francaise-au-festival-animist\\\/\",\"name\":\"De la cr\u00e9ation fran\u00e7aise au festival Animist - Institut fran\u00e7ais d'Estonie\",\"isPartOf\":{\"@id\":\"https:\\\/\\\/ife.ee\\\/#website\"},\"primaryImageOfPage\":{\"@id\":\"https:\\\/\\\/ife.ee\\\/fr\\\/tallinn-de-la-creation-francaise-au-festival-animist\\\/#primaryimage\"},\"image\":{\"@id\":\"https:\\\/\\\/ife.ee\\\/fr\\\/tallinn-de-la-creation-francaise-au-festival-animist\\\/#primaryimage\"},\"thumbnailUrl\":\"https:\\\/\\\/ife.ee\\\/wp-content\\\/uploads\\\/2021\\\/08\\\/sans-titre-10-min.png\",\"datePublished\":\"2021-08-16T11:00:51+00:00\",\"dateModified\":\"2021-08-16T12:22:53+00:00\",\"author\":{\"@id\":\"https:\\\/\\\/ife.ee\\\/#\\\/schema\\\/person\\\/b83e2145839eec2c847dda81d174b4c8\"},\"description\":\"Le festival d'animation de Tallinn, Animist, pr\u00e9sente dans son programme de comp\u00e9tition plusieurs productions ou co-productions fran\u00e7aises !\",\"breadcrumb\":{\"@id\":\"https:\\\/\\\/ife.ee\\\/fr\\\/tallinn-de-la-creation-francaise-au-festival-animist\\\/#breadcrumb\"},\"inLanguage\":\"fr-FR\",\"potentialAction\":[{\"@type\":\"ReadAction\",\"target\":[\"https:\\\/\\\/ife.ee\\\/fr\\\/tallinn-de-la-creation-francaise-au-festival-animist\\\/\"]}]},{\"@type\":\"ImageObject\",\"inLanguage\":\"fr-FR\",\"@id\":\"https:\\\/\\\/ife.ee\\\/fr\\\/tallinn-de-la-creation-francaise-au-festival-animist\\\/#primaryimage\",\"url\":\"https:\\\/\\\/ife.ee\\\/wp-content\\\/uploads\\\/2021\\\/08\\\/sans-titre-10-min.png\",\"contentUrl\":\"https:\\\/\\\/ife.ee\\\/wp-content\\\/uploads\\\/2021\\\/08\\\/sans-titre-10-min.png\",\"width\":1200,\"height\":632},{\"@type\":\"BreadcrumbList\",\"@id\":\"https:\\\/\\\/ife.ee\\\/fr\\\/tallinn-de-la-creation-francaise-au-festival-animist\\\/#breadcrumb\",\"itemListElement\":[{\"@type\":\"ListItem\",\"position\":1,\"name\":\"Home\",\"item\":\"https:\\\/\\\/ife.ee\\\/fr\\\/\"},{\"@type\":\"ListItem\",\"position\":2,\"name\":\"De la cr\u00e9ation fran\u00e7aise au festival Animist\"}]},{\"@type\":\"WebSite\",\"@id\":\"https:\\\/\\\/ife.ee\\\/#website\",\"url\":\"https:\\\/\\\/ife.ee\\\/\",\"name\":\"Prantsuse Instituut Eestis\",\"description\":\"ESTONIE\",\"potentialAction\":[{\"@type\":\"SearchAction\",\"target\":{\"@type\":\"EntryPoint\",\"urlTemplate\":\"https:\\\/\\\/ife.ee\\\/?s={search_term_string}\"},\"query-input\":{\"@type\":\"PropertyValueSpecification\",\"valueRequired\":true,\"valueName\":\"search_term_string\"}}],\"inLanguage\":\"fr-FR\"},{\"@type\":\"Person\",\"@id\":\"https:\\\/\\\/ife.ee\\\/#\\\/schema\\\/person\\\/b83e2145839eec2c847dda81d174b4c8\",\"name\":\"IFE\",\"sameAs\":[\"https:\\\/\\\/ife.ee\"],\"url\":\"https:\\\/\\\/ife.ee\\\/fr\\\/author\\\/admin\\\/\"}]}<\/script>\n<!-- \/ Yoast SEO plugin. -->","yoast_head_json":{"title":"De la cr\u00e9ation fran\u00e7aise au festival Animist - Institut fran\u00e7ais d'Estonie","description":"Le festival d'animation de Tallinn, Animist, pr\u00e9sente dans son programme de comp\u00e9tition plusieurs productions ou co-productions fran\u00e7aises !","robots":{"index":"index","follow":"follow","max-snippet":"max-snippet:-1","max-image-preview":"max-image-preview:large","max-video-preview":"max-video-preview:-1"},"canonical":"https:\/\/ife.ee\/fr\/tallinn-de-la-creation-francaise-au-festival-animist\/","twitter_card":"summary_large_image","twitter_title":"De la cr\u00e9ation fran\u00e7aise au festival Animist - Institut fran\u00e7ais d'Estonie","twitter_description":"Le festival d'animation de Tallinn, Animist, pr\u00e9sente dans son programme de comp\u00e9tition plusieurs productions ou co-productions fran\u00e7aises !","twitter_image":"https:\/\/ife.ee\/wp-content\/uploads\/2021\/08\/sans-titre-10-min.png","twitter_creator":"@IF_Estonie","twitter_site":"@IF_Estonie","twitter_misc":{"\u00c9crit par":"IFE","Dur\u00e9e de lecture estim\u00e9e":"4 minutes"},"schema":{"@context":"https:\/\/schema.org","@graph":[{"@type":"Article","@id":"https:\/\/ife.ee\/fr\/tallinn-de-la-creation-francaise-au-festival-animist\/#article","isPartOf":{"@id":"https:\/\/ife.ee\/fr\/tallinn-de-la-creation-francaise-au-festival-animist\/"},"author":{"name":"IFE","@id":"https:\/\/ife.ee\/#\/schema\/person\/b83e2145839eec2c847dda81d174b4c8"},"headline":"De la cr\u00e9ation fran\u00e7aise au festival Animist","datePublished":"2021-08-16T11:00:51+00:00","dateModified":"2021-08-16T12:22:53+00:00","mainEntityOfPage":{"@id":"https:\/\/ife.ee\/fr\/tallinn-de-la-creation-francaise-au-festival-animist\/"},"wordCount":668,"image":{"@id":"https:\/\/ife.ee\/fr\/tallinn-de-la-creation-francaise-au-festival-animist\/#primaryimage"},"thumbnailUrl":"https:\/\/ife.ee\/wp-content\/uploads\/2021\/08\/sans-titre-10-min.png","keywords":["animation","animist","Cin\u00e9ma","festival","Film","France","tallinn"],"articleSection":["Ev\u00e9nements"],"inLanguage":"fr-FR"},{"@type":"WebPage","@id":"https:\/\/ife.ee\/fr\/tallinn-de-la-creation-francaise-au-festival-animist\/","url":"https:\/\/ife.ee\/fr\/tallinn-de-la-creation-francaise-au-festival-animist\/","name":"De la cr\u00e9ation fran\u00e7aise au festival Animist - Institut fran\u00e7ais d'Estonie","isPartOf":{"@id":"https:\/\/ife.ee\/#website"},"primaryImageOfPage":{"@id":"https:\/\/ife.ee\/fr\/tallinn-de-la-creation-francaise-au-festival-animist\/#primaryimage"},"image":{"@id":"https:\/\/ife.ee\/fr\/tallinn-de-la-creation-francaise-au-festival-animist\/#primaryimage"},"thumbnailUrl":"https:\/\/ife.ee\/wp-content\/uploads\/2021\/08\/sans-titre-10-min.png","datePublished":"2021-08-16T11:00:51+00:00","dateModified":"2021-08-16T12:22:53+00:00","author":{"@id":"https:\/\/ife.ee\/#\/schema\/person\/b83e2145839eec2c847dda81d174b4c8"},"description":"Le festival d'animation de Tallinn, Animist, pr\u00e9sente dans son programme de comp\u00e9tition plusieurs productions ou co-productions fran\u00e7aises !","breadcrumb":{"@id":"https:\/\/ife.ee\/fr\/tallinn-de-la-creation-francaise-au-festival-animist\/#breadcrumb"},"inLanguage":"fr-FR","potentialAction":[{"@type":"ReadAction","target":["https:\/\/ife.ee\/fr\/tallinn-de-la-creation-francaise-au-festival-animist\/"]}]},{"@type":"ImageObject","inLanguage":"fr-FR","@id":"https:\/\/ife.ee\/fr\/tallinn-de-la-creation-francaise-au-festival-animist\/#primaryimage","url":"https:\/\/ife.ee\/wp-content\/uploads\/2021\/08\/sans-titre-10-min.png","contentUrl":"https:\/\/ife.ee\/wp-content\/uploads\/2021\/08\/sans-titre-10-min.png","width":1200,"height":632},{"@type":"BreadcrumbList","@id":"https:\/\/ife.ee\/fr\/tallinn-de-la-creation-francaise-au-festival-animist\/#breadcrumb","itemListElement":[{"@type":"ListItem","position":1,"name":"Home","item":"https:\/\/ife.ee\/fr\/"},{"@type":"ListItem","position":2,"name":"De la cr\u00e9ation fran\u00e7aise au festival Animist"}]},{"@type":"WebSite","@id":"https:\/\/ife.ee\/#website","url":"https:\/\/ife.ee\/","name":"Prantsuse Instituut Eestis","description":"ESTONIE","potentialAction":[{"@type":"SearchAction","target":{"@type":"EntryPoint","urlTemplate":"https:\/\/ife.ee\/?s={search_term_string}"},"query-input":{"@type":"PropertyValueSpecification","valueRequired":true,"valueName":"search_term_string"}}],"inLanguage":"fr-FR"},{"@type":"Person","@id":"https:\/\/ife.ee\/#\/schema\/person\/b83e2145839eec2c847dda81d174b4c8","name":"IFE","sameAs":["https:\/\/ife.ee"],"url":"https:\/\/ife.ee\/fr\/author\/admin\/"}]}},"_links":{"self":[{"href":"https:\/\/ife.ee\/fr\/wp-json\/wp\/v2\/posts\/49445","targetHints":{"allow":["GET"]}}],"collection":[{"href":"https:\/\/ife.ee\/fr\/wp-json\/wp\/v2\/posts"}],"about":[{"href":"https:\/\/ife.ee\/fr\/wp-json\/wp\/v2\/types\/post"}],"author":[{"embeddable":true,"href":"https:\/\/ife.ee\/fr\/wp-json\/wp\/v2\/users\/1"}],"replies":[{"embeddable":true,"href":"https:\/\/ife.ee\/fr\/wp-json\/wp\/v2\/comments?post=49445"}],"version-history":[{"count":0,"href":"https:\/\/ife.ee\/fr\/wp-json\/wp\/v2\/posts\/49445\/revisions"}],"wp:featuredmedia":[{"embeddable":true,"href":"https:\/\/ife.ee\/fr\/wp-json\/wp\/v2\/media\/49450"}],"wp:attachment":[{"href":"https:\/\/ife.ee\/fr\/wp-json\/wp\/v2\/media?parent=49445"}],"wp:term":[{"taxonomy":"category","embeddable":true,"href":"https:\/\/ife.ee\/fr\/wp-json\/wp\/v2\/categories?post=49445"},{"taxonomy":"post_tag","embeddable":true,"href":"https:\/\/ife.ee\/fr\/wp-json\/wp\/v2\/tags?post=49445"}],"curies":[{"name":"wp","href":"https:\/\/api.w.org\/{rel}","templated":true}]}}