{"id":48392,"date":"2021-05-14T10:14:43","date_gmt":"2021-05-14T08:14:43","guid":{"rendered":"https:\/\/ife.ee\/?p=48392"},"modified":"2021-05-12T16:17:06","modified_gmt":"2021-05-12T14:17:06","slug":"french-touch-2-24-nuances-de-valse","status":"publish","type":"post","link":"https:\/\/ife.ee\/fr\/french-touch-2-24-nuances-de-valse\/","title":{"rendered":"French Touch #2 | 24 nuances de valse"},"content":{"rendered":"<h3>FRENCH TOUCH<\/h3>\n<p>Bienvenue dans le nouveau rendez-vous musical de l&#8217;Institut fran\u00e7ais d&#8217;Estonie !&nbsp;<\/p>\n<p>Deuxi\u00e8me playlist cette semaine avec \u00ab <a href=\"https:\/\/open.spotify.com\/playlist\/4lA0Qze0eCdPpywgYTXVb3\">24 nuances de valses<\/a> \u00bb, pour un voyage dans toutes les ramifications souvent m\u00e9connues de ce genre musical singulier.<\/p>\n<p><strong>Au programme<\/strong> :<\/p>\n<p class=\"p1\"><strong>Une playlist en 24 titres<\/strong> qui revisite toutes les ramifications de la valse aux quatre coins des r\u00e9gions de France et \u00e0 travers les \u00e9poques : les <span style=\"text-decoration: underline;\">musiques classiques<\/span> (<strong>Francis Poulenc<\/strong>, <strong>Chopin<\/strong>), les <span style=\"text-decoration: underline;\">chants populaires nou\u00e9s d\u2019accord\u00e9on<\/span> (<strong>Andr\u00e9 Verchuren<\/strong>, <strong>Yvette Horner<\/strong>), jusqu\u2019aux versions plus r\u00e9centes de la <span style=\"text-decoration: underline;\">chanson fran\u00e7aise<\/span> (<strong>Aldebert<\/strong>, <strong>Alain Barri\u00e8re<\/strong>, <strong>Gainsbourg<\/strong>).<\/p>\n<p class=\"p1\">Viennent enfin les diverses nuances de valses, influenc\u00e9es par les couleurs r\u00e9gionales : le <span style=\"text-decoration: underline;\">massif armoricain et ses c\u00f4tes bretonnes<\/span> avec <strong>Bagad de Vannes<\/strong>, <strong>Carr\u00e9 Manchot<\/strong>, <strong>Le P&#8217;tit Son<\/strong> ; le jazz (<strong>Tribal J\u00e2ze<\/strong>) parfois teint\u00e9 de swing (<strong>Baptiste Herbin<\/strong>) et parfois manouche (Yorgui Leffler) ; les morceaux l\u00e9g\u00e8rement frapp\u00e9s depuis les <span style=\"text-decoration: underline;\">touches d\u2019un piano<\/span> (<strong>Maxime Verdoni<\/strong>) ou encore les <span style=\"text-decoration: underline;\">musiques urbaines<\/span> avec <strong>Vald<\/strong> ou le jeune artiste <strong>oorun<\/strong>. Et bien s\u00fbr, pour terminer, un d\u00e9tour par les <span style=\"text-decoration: underline;\">musiques de film<\/span> : un titre des <strong>Valseuses<\/strong> ; un autre indispensable de la <strong>Valse d\u2019Am\u00e9lie<\/strong> ; un dernier enfin du talentueux <strong>Armand Amar<\/strong>, r\u00e9compens\u00e9 par le C\u00e9sar pour la meilleure musique de film.<span class=\"Apple-converted-space\">&nbsp;<\/span><\/p>\n<p class=\"p1\">Toute la diversit\u00e9 de la sc\u00e8ne fran\u00e7aise r\u00e9unie autour des 24 nuances de valse&nbsp;!&nbsp;<\/p>\n<p>Retrouvez aussi toutes les playlists French Touch sur <a href=\"https:\/\/open.spotify.com\/user\/ibnhsz6ambn51i9d20nxfx9sr\">Spotify<\/a> et sur <a href=\"https:\/\/www.youtube.com\/playlist?list=PLc_mjw-l2oCSpJqDfm1YDOTEd1qKqCYO-\">Youtube<\/a>.<\/p>\n<p>&nbsp;<\/p>\n<p><iframe loading=\"lazy\" title=\"YouTube video player\" src=\"\/\/www.youtube.com\/embed\/videoseries?list=PLc_mjw-l2oCSpJqDfm1YDOTEd1qKqCYO-\" width=\"560\" height=\"315\" frameborder=\"0\" allowfullscreen=\"allowfullscreen\"><\/iframe><\/p>\n","protected":false},"excerpt":{"rendered":"<p>FRENCH TOUCH<br \/>\nBienvenue dans le nouveau rendez-vous musical de l&#8217;Institut fran\u00e7ais d&#8217;Estonie !&nbsp;<br \/>\nDeuxi\u00e8me playlist cette semaine avec \u00ab 24 nuances de valses \u00bb, pour un voyage dans toutes les ramifications souvent m\u00e9connues de ce genre musical singulier.<br \/>\nAu programme :<br \/>\nUne playlist en 24 titres qui revisite toutes les ramifications de la valse aux quatre coins des r\u00e9gions de France et \u00e0 travers les \u00e9poques : les musiques classiques (Francis Poulenc, Chopin), les chants populaires nou\u00e9s d\u2019accord\u00e9on (Andr\u00e9 Verchuren, Yvette Horner), jusqu\u2019aux versions plus r\u00e9centes de la chanson fran\u00e7aise (Aldebert, Alain Barri\u00e8re, Gainsbourg).<br \/>\nViennent enfin les diverses nuances de valses, influenc\u00e9es par les couleurs r\u00e9gionales : le massif armoricain et ses c\u00f4tes bretonnes avec Bagad de Vannes, Carr\u00e9 Manchot, Le P&#8217;tit Son ; le jazz (Tribal J\u00e2ze) parfois teint\u00e9 de swing (Baptiste Herbin) et parfois manouche (Yorgui Leffler) ; les morceaux l\u00e9g\u00e8rement frapp\u00e9s depuis les touches d\u2019un piano (Maxime Verdoni) ou encore les musiques urbaines avec Vald ou le jeune artiste oorun. Et bien s\u00fbr, pour terminer, un d\u00e9tour par les musiques de film : un titre des Valseuses ; un autre indispensable de la Valse d\u2019Am\u00e9lie ; un dernier enfin du talentueux Armand Amar, r\u00e9compens\u00e9 par le C\u00e9sar<\/p>\n","protected":false},"author":170,"featured_media":48393,"comment_status":"closed","ping_status":"closed","sticky":false,"template":"","format":"standard","meta":{"_monsterinsights_skip_tracking":false,"_monsterinsights_sitenote_active":false,"_monsterinsights_sitenote_note":"","_monsterinsights_sitenote_category":0,"ngg_post_thumbnail":0,"footnotes":""},"categories":[859],"tags":[1995,1984,1999,2000,1997,1998,1996],"class_list":["post-48392","post","type-post","status-publish","format-standard","has-post-thumbnail","hentry","category-musique","tag-amelie-poulain-fr","tag-french-touch","tag-gainsbourg-fr","tag-manu-chao-fr","tag-vald-fr","tag-valse-fr","tag-yann-tiersen-fr"],"yoast_head":"<!-- This site is optimized with the Yoast SEO plugin v27.3 - https:\/\/yoast.com\/product\/yoast-seo-wordpress\/ -->\n<title>French Touch #2 | 24 nuances de valse - Institut fran\u00e7ais d&#039;Estonie<\/title>\n<meta name=\"description\" content=\"\u00ab 24 nuances de valse \u00bb | Playlist #2 de French Touch. Le rendez-vous musical de la diversit\u00e9 de la sc\u00e8ne fran\u00e7aise r\u00e9unie en une playlist.\" \/>\n<meta name=\"robots\" content=\"index, follow, max-snippet:-1, max-image-preview:large, max-video-preview:-1\" \/>\n<link rel=\"canonical\" href=\"https:\/\/ife.ee\/fr\/french-touch-2-24-nuances-de-valse\/\" \/>\n<meta name=\"twitter:card\" content=\"summary_large_image\" \/>\n<meta name=\"twitter:title\" content=\"French Touch #2 | 24 nuances de valse - Institut fran\u00e7ais d&#039;Estonie\" \/>\n<meta name=\"twitter:description\" content=\"\u00ab 24 nuances de valse \u00bb | Playlist #2 de French Touch. Le rendez-vous musical de la diversit\u00e9 de la sc\u00e8ne fran\u00e7aise r\u00e9unie en une playlist.\" \/>\n<meta name=\"twitter:image\" content=\"https:\/\/ife.ee\/wp-content\/uploads\/2021\/05\/amelie.jpg\" \/>\n<meta name=\"twitter:creator\" content=\"@IF_Estonie\" \/>\n<meta name=\"twitter:site\" content=\"@IF_Estonie\" \/>\n<meta name=\"twitter:label1\" content=\"\u00c9crit par\" \/>\n\t<meta name=\"twitter:data1\" content=\"dora\" \/>\n\t<meta name=\"twitter:label2\" content=\"Dur\u00e9e de lecture estim\u00e9e\" \/>\n\t<meta name=\"twitter:data2\" content=\"1 minute\" \/>\n<script type=\"application\/ld+json\" class=\"yoast-schema-graph\">{\"@context\":\"https:\\\/\\\/schema.org\",\"@graph\":[{\"@type\":\"Article\",\"@id\":\"https:\\\/\\\/ife.ee\\\/fr\\\/french-touch-2-24-nuances-de-valse\\\/#article\",\"isPartOf\":{\"@id\":\"https:\\\/\\\/ife.ee\\\/fr\\\/french-touch-2-24-nuances-de-valse\\\/\"},\"author\":{\"name\":\"dora\",\"@id\":\"https:\\\/\\\/ife.ee\\\/#\\\/schema\\\/person\\\/641455fbb19ed6f816a385d27078ed24\"},\"headline\":\"French Touch #2 | 24 nuances de valse\",\"datePublished\":\"2021-05-14T08:14:43+00:00\",\"mainEntityOfPage\":{\"@id\":\"https:\\\/\\\/ife.ee\\\/fr\\\/french-touch-2-24-nuances-de-valse\\\/\"},\"wordCount\":255,\"image\":{\"@id\":\"https:\\\/\\\/ife.ee\\\/fr\\\/french-touch-2-24-nuances-de-valse\\\/#primaryimage\"},\"thumbnailUrl\":\"https:\\\/\\\/ife.ee\\\/wp-content\\\/uploads\\\/2021\\\/05\\\/amelie.jpg\",\"keywords\":[\"Am\u00e9lie Poulain\",\"French Touch\",\"Gainsbourg\",\"Manu Chao\",\"Vald\",\"Valse\",\"Yann Tiersen\"],\"articleSection\":[\"French Touch\"],\"inLanguage\":\"fr-FR\"},{\"@type\":\"WebPage\",\"@id\":\"https:\\\/\\\/ife.ee\\\/fr\\\/french-touch-2-24-nuances-de-valse\\\/\",\"url\":\"https:\\\/\\\/ife.ee\\\/fr\\\/french-touch-2-24-nuances-de-valse\\\/\",\"name\":\"French Touch #2 | 24 nuances de valse - Institut fran\u00e7ais d'Estonie\",\"isPartOf\":{\"@id\":\"https:\\\/\\\/ife.ee\\\/#website\"},\"primaryImageOfPage\":{\"@id\":\"https:\\\/\\\/ife.ee\\\/fr\\\/french-touch-2-24-nuances-de-valse\\\/#primaryimage\"},\"image\":{\"@id\":\"https:\\\/\\\/ife.ee\\\/fr\\\/french-touch-2-24-nuances-de-valse\\\/#primaryimage\"},\"thumbnailUrl\":\"https:\\\/\\\/ife.ee\\\/wp-content\\\/uploads\\\/2021\\\/05\\\/amelie.jpg\",\"datePublished\":\"2021-05-14T08:14:43+00:00\",\"author\":{\"@id\":\"https:\\\/\\\/ife.ee\\\/#\\\/schema\\\/person\\\/641455fbb19ed6f816a385d27078ed24\"},\"description\":\"\u00ab 24 nuances de valse \u00bb | Playlist #2 de French Touch. Le rendez-vous musical de la diversit\u00e9 de la sc\u00e8ne fran\u00e7aise r\u00e9unie en une playlist.\",\"breadcrumb\":{\"@id\":\"https:\\\/\\\/ife.ee\\\/fr\\\/french-touch-2-24-nuances-de-valse\\\/#breadcrumb\"},\"inLanguage\":\"fr-FR\",\"potentialAction\":[{\"@type\":\"ReadAction\",\"target\":[\"https:\\\/\\\/ife.ee\\\/fr\\\/french-touch-2-24-nuances-de-valse\\\/\"]}]},{\"@type\":\"ImageObject\",\"inLanguage\":\"fr-FR\",\"@id\":\"https:\\\/\\\/ife.ee\\\/fr\\\/french-touch-2-24-nuances-de-valse\\\/#primaryimage\",\"url\":\"https:\\\/\\\/ife.ee\\\/wp-content\\\/uploads\\\/2021\\\/05\\\/amelie.jpg\",\"contentUrl\":\"https:\\\/\\\/ife.ee\\\/wp-content\\\/uploads\\\/2021\\\/05\\\/amelie.jpg\",\"width\":225,\"height\":225},{\"@type\":\"BreadcrumbList\",\"@id\":\"https:\\\/\\\/ife.ee\\\/fr\\\/french-touch-2-24-nuances-de-valse\\\/#breadcrumb\",\"itemListElement\":[{\"@type\":\"ListItem\",\"position\":1,\"name\":\"Home\",\"item\":\"https:\\\/\\\/ife.ee\\\/fr\\\/\"},{\"@type\":\"ListItem\",\"position\":2,\"name\":\"French Touch #2 | 24 nuances de valse\"}]},{\"@type\":\"WebSite\",\"@id\":\"https:\\\/\\\/ife.ee\\\/#website\",\"url\":\"https:\\\/\\\/ife.ee\\\/\",\"name\":\"Prantsuse Instituut Eestis\",\"description\":\"ESTONIE\",\"potentialAction\":[{\"@type\":\"SearchAction\",\"target\":{\"@type\":\"EntryPoint\",\"urlTemplate\":\"https:\\\/\\\/ife.ee\\\/?s={search_term_string}\"},\"query-input\":{\"@type\":\"PropertyValueSpecification\",\"valueRequired\":true,\"valueName\":\"search_term_string\"}}],\"inLanguage\":\"fr-FR\"},{\"@type\":\"Person\",\"@id\":\"https:\\\/\\\/ife.ee\\\/#\\\/schema\\\/person\\\/641455fbb19ed6f816a385d27078ed24\",\"name\":\"dora\",\"url\":\"https:\\\/\\\/ife.ee\\\/fr\\\/author\\\/dora\\\/\"}]}<\/script>\n<!-- \/ Yoast SEO plugin. -->","yoast_head_json":{"title":"French Touch #2 | 24 nuances de valse - Institut fran\u00e7ais d'Estonie","description":"\u00ab 24 nuances de valse \u00bb | Playlist #2 de French Touch. Le rendez-vous musical de la diversit\u00e9 de la sc\u00e8ne fran\u00e7aise r\u00e9unie en une playlist.","robots":{"index":"index","follow":"follow","max-snippet":"max-snippet:-1","max-image-preview":"max-image-preview:large","max-video-preview":"max-video-preview:-1"},"canonical":"https:\/\/ife.ee\/fr\/french-touch-2-24-nuances-de-valse\/","twitter_card":"summary_large_image","twitter_title":"French Touch #2 | 24 nuances de valse - Institut fran\u00e7ais d'Estonie","twitter_description":"\u00ab 24 nuances de valse \u00bb | Playlist #2 de French Touch. Le rendez-vous musical de la diversit\u00e9 de la sc\u00e8ne fran\u00e7aise r\u00e9unie en une playlist.","twitter_image":"https:\/\/ife.ee\/wp-content\/uploads\/2021\/05\/amelie.jpg","twitter_creator":"@IF_Estonie","twitter_site":"@IF_Estonie","twitter_misc":{"\u00c9crit par":"dora","Dur\u00e9e de lecture estim\u00e9e":"1 minute"},"schema":{"@context":"https:\/\/schema.org","@graph":[{"@type":"Article","@id":"https:\/\/ife.ee\/fr\/french-touch-2-24-nuances-de-valse\/#article","isPartOf":{"@id":"https:\/\/ife.ee\/fr\/french-touch-2-24-nuances-de-valse\/"},"author":{"name":"dora","@id":"https:\/\/ife.ee\/#\/schema\/person\/641455fbb19ed6f816a385d27078ed24"},"headline":"French Touch #2 | 24 nuances de valse","datePublished":"2021-05-14T08:14:43+00:00","mainEntityOfPage":{"@id":"https:\/\/ife.ee\/fr\/french-touch-2-24-nuances-de-valse\/"},"wordCount":255,"image":{"@id":"https:\/\/ife.ee\/fr\/french-touch-2-24-nuances-de-valse\/#primaryimage"},"thumbnailUrl":"https:\/\/ife.ee\/wp-content\/uploads\/2021\/05\/amelie.jpg","keywords":["Am\u00e9lie Poulain","French Touch","Gainsbourg","Manu Chao","Vald","Valse","Yann Tiersen"],"articleSection":["French Touch"],"inLanguage":"fr-FR"},{"@type":"WebPage","@id":"https:\/\/ife.ee\/fr\/french-touch-2-24-nuances-de-valse\/","url":"https:\/\/ife.ee\/fr\/french-touch-2-24-nuances-de-valse\/","name":"French Touch #2 | 24 nuances de valse - Institut fran\u00e7ais d'Estonie","isPartOf":{"@id":"https:\/\/ife.ee\/#website"},"primaryImageOfPage":{"@id":"https:\/\/ife.ee\/fr\/french-touch-2-24-nuances-de-valse\/#primaryimage"},"image":{"@id":"https:\/\/ife.ee\/fr\/french-touch-2-24-nuances-de-valse\/#primaryimage"},"thumbnailUrl":"https:\/\/ife.ee\/wp-content\/uploads\/2021\/05\/amelie.jpg","datePublished":"2021-05-14T08:14:43+00:00","author":{"@id":"https:\/\/ife.ee\/#\/schema\/person\/641455fbb19ed6f816a385d27078ed24"},"description":"\u00ab 24 nuances de valse \u00bb | Playlist #2 de French Touch. Le rendez-vous musical de la diversit\u00e9 de la sc\u00e8ne fran\u00e7aise r\u00e9unie en une playlist.","breadcrumb":{"@id":"https:\/\/ife.ee\/fr\/french-touch-2-24-nuances-de-valse\/#breadcrumb"},"inLanguage":"fr-FR","potentialAction":[{"@type":"ReadAction","target":["https:\/\/ife.ee\/fr\/french-touch-2-24-nuances-de-valse\/"]}]},{"@type":"ImageObject","inLanguage":"fr-FR","@id":"https:\/\/ife.ee\/fr\/french-touch-2-24-nuances-de-valse\/#primaryimage","url":"https:\/\/ife.ee\/wp-content\/uploads\/2021\/05\/amelie.jpg","contentUrl":"https:\/\/ife.ee\/wp-content\/uploads\/2021\/05\/amelie.jpg","width":225,"height":225},{"@type":"BreadcrumbList","@id":"https:\/\/ife.ee\/fr\/french-touch-2-24-nuances-de-valse\/#breadcrumb","itemListElement":[{"@type":"ListItem","position":1,"name":"Home","item":"https:\/\/ife.ee\/fr\/"},{"@type":"ListItem","position":2,"name":"French Touch #2 | 24 nuances de valse"}]},{"@type":"WebSite","@id":"https:\/\/ife.ee\/#website","url":"https:\/\/ife.ee\/","name":"Prantsuse Instituut Eestis","description":"ESTONIE","potentialAction":[{"@type":"SearchAction","target":{"@type":"EntryPoint","urlTemplate":"https:\/\/ife.ee\/?s={search_term_string}"},"query-input":{"@type":"PropertyValueSpecification","valueRequired":true,"valueName":"search_term_string"}}],"inLanguage":"fr-FR"},{"@type":"Person","@id":"https:\/\/ife.ee\/#\/schema\/person\/641455fbb19ed6f816a385d27078ed24","name":"dora","url":"https:\/\/ife.ee\/fr\/author\/dora\/"}]}},"_links":{"self":[{"href":"https:\/\/ife.ee\/fr\/wp-json\/wp\/v2\/posts\/48392","targetHints":{"allow":["GET"]}}],"collection":[{"href":"https:\/\/ife.ee\/fr\/wp-json\/wp\/v2\/posts"}],"about":[{"href":"https:\/\/ife.ee\/fr\/wp-json\/wp\/v2\/types\/post"}],"author":[{"embeddable":true,"href":"https:\/\/ife.ee\/fr\/wp-json\/wp\/v2\/users\/170"}],"replies":[{"embeddable":true,"href":"https:\/\/ife.ee\/fr\/wp-json\/wp\/v2\/comments?post=48392"}],"version-history":[{"count":0,"href":"https:\/\/ife.ee\/fr\/wp-json\/wp\/v2\/posts\/48392\/revisions"}],"wp:featuredmedia":[{"embeddable":true,"href":"https:\/\/ife.ee\/fr\/wp-json\/wp\/v2\/media\/48393"}],"wp:attachment":[{"href":"https:\/\/ife.ee\/fr\/wp-json\/wp\/v2\/media?parent=48392"}],"wp:term":[{"taxonomy":"category","embeddable":true,"href":"https:\/\/ife.ee\/fr\/wp-json\/wp\/v2\/categories?post=48392"},{"taxonomy":"post_tag","embeddable":true,"href":"https:\/\/ife.ee\/fr\/wp-json\/wp\/v2\/tags?post=48392"}],"curies":[{"name":"wp","href":"https:\/\/api.w.org\/{rel}","templated":true}]}}