{"id":30917,"date":"2018-11-26T08:54:00","date_gmt":"2018-11-26T06:54:00","guid":{"rendered":"http:\/\/www.ife.ee\/fr\/?p=30917"},"modified":"2019-03-25T15:27:35","modified_gmt":"2019-03-25T13:27:35","slug":"cafe-de-langue-ados","status":"publish","type":"post","link":"https:\/\/ife.ee\/fr\/cafe-de-langue-ados\/","title":{"rendered":"Le Caf\u00e9 de langue ados vous attend !"},"content":{"rendered":"<div class=\"\" data-block=\"true\" data-editor=\"ap02r\" data-offset-key=\"1vsee-0-0\">\n<div class=\"_1mf _1mj\" data-offset-key=\"1vsee-0-0\"><span data-offset-key=\"cbu3r-0-0\">Le caf\u00e9 de langue ados est propos\u00e9&nbsp;tous les mois et <strong>gratuitement<\/strong> par l&#8217;Institut fran\u00e7ais d&#8217;Estonie. Il est r\u00e9serv\u00e9&nbsp;aux lyc\u00e9ens qui apprennent d\u00e9j\u00e0 le fran\u00e7ais<\/span><\/div>\n<\/div>\n<div data-offset-key=\"cbu3r-0-0\">&nbsp;<\/div>\n<div data-offset-key=\"cbu3r-0-0\"><strong>L&#8217;objectif du caf\u00e9 de langue ados est d&#8217;am\u00e9liorer votre fran\u00e7ais parl\u00e9 dans une ambiance conviviale.<\/strong><\/div>\n<div class=\"\" data-block=\"true\" data-editor=\"ap02r\" data-offset-key=\"dmdqe-0-0\">\n<div class=\"_1mf _1mj\" data-offset-key=\"dmdqe-0-0\"><span data-offset-key=\"dmdqe-0-0\">&nbsp;<\/span><\/div>\n<\/div>\n<div class=\"\" data-block=\"true\" data-editor=\"ap02r\" data-offset-key=\"8uqg9-0-0\">\n<div data-offset-key=\"8uqg9-0-0\">Le 29 mars, le th\u00e8me du caf\u00e9 des ados sera : <span style=\"color: #0098dc;\"><strong>la langue fran\u00e7aise en d\u00e9bat<\/strong><\/span>. De multiples activit\u00e9s seront organis\u00e9es autour de la langue et notamment sur l&#8217;utilisation de l&#8217;argot, du verlan, etc. Par la suite, nous engagerons un d\u00e9bat sous forme de jeu de r\u00f4le pour discuter des mots d&#8217;argot qui entrent dans le dictionnaire.<\/div>\n<\/div>\n<div class=\"\" data-block=\"true\" data-editor=\"ap02r\" data-offset-key=\"5q1ns-0-0\">\n<div class=\"_1mf _1mj\" data-offset-key=\"5q1ns-0-0\"><span data-offset-key=\"5q1ns-0-0\">&nbsp;<\/span><\/div>\n<\/div>\n<div class=\"\" data-block=\"true\" data-editor=\"ap02r\" data-offset-key=\"3hdqs-0-0\">\n<div class=\"_1mf _1mj\" data-offset-key=\"3hdqs-0-0\"><span data-offset-key=\"3hdqs-0-0\">Tr\u00e8s diff\u00e9rent de vos cours en classe, cet atelier a pour but de renforcer vos connaissances d\u00e9j\u00e0 acquises. <\/span><\/div>\n<\/div>\n<div class=\"\" data-block=\"true\" data-editor=\"ap02r\" data-offset-key=\"815i4-0-0\">\n<div class=\"_1mf _1mj\" data-offset-key=\"815i4-0-0\"><span data-offset-key=\"815i4-0-0\">&nbsp;<\/span><\/div>\n<\/div>\n<div class=\"\" data-block=\"true\" data-editor=\"ap02r\" data-offset-key=\"2lp06-0-0\">\n<div class=\"_1mf _1mj\" data-offset-key=\"2lp06-0-0\"><span data-offset-key=\"2lp06-0-0\">A bient\u00f4t !<\/span><\/div>\n<div data-offset-key=\"2lp06-0-0\">&nbsp;<\/div>\n<\/div>\n<div data-offset-key=\"2lp06-0-0\"><strong><a href=\"https:\/\/www.ife.ee\/fr\/evenements\/\">Plus d&#8217;\u00e9v\u00e8nements<\/a><\/strong><\/div>\n","protected":false},"excerpt":{"rendered":"<p>\nLe caf\u00e9 de langue ados est propos\u00e9&nbsp;tous les mois et gratuitement par l&#8217;Institut fran\u00e7ais d&#8217;Estonie. Il est r\u00e9serv\u00e9&nbsp;aux lyc\u00e9ens qui apprennent d\u00e9j\u00e0 le fran\u00e7ais<\/p>\n<p>&nbsp;<br \/>\nL&#8217;objectif du caf\u00e9 de langue ados est d&#8217;am\u00e9liorer votre fran\u00e7ais parl\u00e9 dans une ambiance conviviale.<\/p>\n<p>&nbsp;<\/p>\n<p>\nLe 29 mars, le th\u00e8me du caf\u00e9 des ados sera : la langue fran\u00e7aise en d\u00e9bat. De multiples activit\u00e9s seront organis\u00e9es autour de la langue et notamment sur l&#8217;utilisation de l&#8217;argot, du verlan, etc. Par la suite, nous engagerons un d\u00e9bat sous forme de jeu de r\u00f4le pour discuter des mots d&#8217;argot qui entrent dans le dictionnaire.<\/p>\n<p>\n&nbsp;<\/p>\n<p>\nTr\u00e8s diff\u00e9rent de vos cours en classe, cet atelier a pour but de renforcer vos connaissances d\u00e9j\u00e0 acquises. <\/p>\n<p>\n&nbsp;<\/p>\n<p>\nA bient\u00f4t !<br \/>\n&nbsp;<\/p>\n<p>Plus d&#8217;\u00e9v\u00e8nements<\/p>\n","protected":false},"author":170,"featured_media":32940,"comment_status":"open","ping_status":"open","sticky":false,"template":"","format":"standard","meta":{"_monsterinsights_skip_tracking":false,"_monsterinsights_sitenote_active":false,"_monsterinsights_sitenote_note":"","_monsterinsights_sitenote_category":0,"ngg_post_thumbnail":0,"footnotes":""},"categories":[11,85],"tags":[650,755,978,759,1144,963,979,980],"class_list":["post-30917","post","type-post","status-publish","format-standard","has-post-thumbnail","hentry","category-cours-de-francais","category-evenements","tag-apprendre-le-francais","tag-cafe-de-langue","tag-cafe-de-langue-ados","tag-francais","tag-ife-fr","tag-institut-francais-destonie","tag-jeunes","tag-lyceens"],"yoast_head":"<!-- This site is optimized with the Yoast SEO plugin v27.3 - https:\/\/yoast.com\/product\/yoast-seo-wordpress\/ -->\n<title>Le Caf\u00e9 de langue ados vous attend ! - Prantsuse Instituut Eestis<\/title>\n<meta name=\"description\" content=\"L&#039;institut fran\u00e7ais d&#039;Estonie invite les lyc\u00e9ens apprenant le fran\u00e7ais au caf\u00e9 de langue ados pour am\u00e9liorer votre expression orale !\" \/>\n<meta name=\"robots\" content=\"index, follow, max-snippet:-1, max-image-preview:large, max-video-preview:-1\" \/>\n<link rel=\"canonical\" href=\"https:\/\/ife.ee\/fr\/cafe-de-langue-ados\/\" \/>\n<meta name=\"twitter:card\" content=\"summary_large_image\" \/>\n<meta name=\"twitter:title\" content=\"Le Caf\u00e9 de langue ados vous attend ! - Prantsuse Instituut Eestis\" \/>\n<meta name=\"twitter:description\" content=\"L&#039;institut fran\u00e7ais d&#039;Estonie invite les lyc\u00e9ens apprenant le fran\u00e7ais au caf\u00e9 de langue ados pour am\u00e9liorer votre expression orale !\" \/>\n<meta name=\"twitter:image\" content=\"https:\/\/ife.ee\/wp-content\/uploads\/2018\/11\/untitled-design-50.png\" \/>\n<meta name=\"twitter:creator\" content=\"@IF_Estonie\" \/>\n<meta name=\"twitter:site\" content=\"@IF_Estonie\" \/>\n<meta name=\"twitter:label1\" content=\"\u00c9crit par\" \/>\n\t<meta name=\"twitter:data1\" content=\"dora\" \/>\n\t<meta name=\"twitter:label2\" content=\"Dur\u00e9e de lecture estim\u00e9e\" \/>\n\t<meta name=\"twitter:data2\" content=\"1 minute\" \/>\n<script type=\"application\/ld+json\" class=\"yoast-schema-graph\">{\"@context\":\"https:\\\/\\\/schema.org\",\"@graph\":[{\"@type\":\"Article\",\"@id\":\"https:\\\/\\\/ife.ee\\\/fr\\\/cafe-de-langue-ados\\\/#article\",\"isPartOf\":{\"@id\":\"https:\\\/\\\/ife.ee\\\/fr\\\/cafe-de-langue-ados\\\/\"},\"author\":{\"name\":\"dora\",\"@id\":\"https:\\\/\\\/ife.ee\\\/#\\\/schema\\\/person\\\/641455fbb19ed6f816a385d27078ed24\"},\"headline\":\"Le Caf\u00e9 de langue ados vous attend !\",\"datePublished\":\"2018-11-26T06:54:00+00:00\",\"dateModified\":\"2019-03-25T13:27:35+00:00\",\"mainEntityOfPage\":{\"@id\":\"https:\\\/\\\/ife.ee\\\/fr\\\/cafe-de-langue-ados\\\/\"},\"wordCount\":152,\"commentCount\":0,\"image\":{\"@id\":\"https:\\\/\\\/ife.ee\\\/fr\\\/cafe-de-langue-ados\\\/#primaryimage\"},\"thumbnailUrl\":\"https:\\\/\\\/ife.ee\\\/wp-content\\\/uploads\\\/2018\\\/11\\\/untitled-design-50.png\",\"keywords\":[\"Apprendre le fran\u00e7ais\",\"caf\u00e9 de langue\",\"caf\u00e9 de langue ados\",\"fran\u00e7ais\",\"IFE\",\"Institut Fran\u00e7ais d'Estonie\",\"jeunes\",\"lyc\u00e9ens\"],\"articleSection\":[\"Cours\",\"Ev\u00e9nements\"],\"inLanguage\":\"fr-FR\",\"potentialAction\":[{\"@type\":\"CommentAction\",\"name\":\"Comment\",\"target\":[\"https:\\\/\\\/ife.ee\\\/fr\\\/cafe-de-langue-ados\\\/#respond\"]}]},{\"@type\":\"WebPage\",\"@id\":\"https:\\\/\\\/ife.ee\\\/fr\\\/cafe-de-langue-ados\\\/\",\"url\":\"https:\\\/\\\/ife.ee\\\/fr\\\/cafe-de-langue-ados\\\/\",\"name\":\"Le Caf\u00e9 de langue ados vous attend ! - Prantsuse Instituut Eestis\",\"isPartOf\":{\"@id\":\"https:\\\/\\\/ife.ee\\\/#website\"},\"primaryImageOfPage\":{\"@id\":\"https:\\\/\\\/ife.ee\\\/fr\\\/cafe-de-langue-ados\\\/#primaryimage\"},\"image\":{\"@id\":\"https:\\\/\\\/ife.ee\\\/fr\\\/cafe-de-langue-ados\\\/#primaryimage\"},\"thumbnailUrl\":\"https:\\\/\\\/ife.ee\\\/wp-content\\\/uploads\\\/2018\\\/11\\\/untitled-design-50.png\",\"datePublished\":\"2018-11-26T06:54:00+00:00\",\"dateModified\":\"2019-03-25T13:27:35+00:00\",\"author\":{\"@id\":\"https:\\\/\\\/ife.ee\\\/#\\\/schema\\\/person\\\/641455fbb19ed6f816a385d27078ed24\"},\"description\":\"L'institut fran\u00e7ais d'Estonie invite les lyc\u00e9ens apprenant le fran\u00e7ais au caf\u00e9 de langue ados pour am\u00e9liorer votre expression orale !\",\"breadcrumb\":{\"@id\":\"https:\\\/\\\/ife.ee\\\/fr\\\/cafe-de-langue-ados\\\/#breadcrumb\"},\"inLanguage\":\"fr-FR\",\"potentialAction\":[{\"@type\":\"ReadAction\",\"target\":[\"https:\\\/\\\/ife.ee\\\/fr\\\/cafe-de-langue-ados\\\/\"]}]},{\"@type\":\"ImageObject\",\"inLanguage\":\"fr-FR\",\"@id\":\"https:\\\/\\\/ife.ee\\\/fr\\\/cafe-de-langue-ados\\\/#primaryimage\",\"url\":\"https:\\\/\\\/ife.ee\\\/wp-content\\\/uploads\\\/2018\\\/11\\\/untitled-design-50.png\",\"contentUrl\":\"https:\\\/\\\/ife.ee\\\/wp-content\\\/uploads\\\/2018\\\/11\\\/untitled-design-50.png\",\"width\":1200,\"height\":632},{\"@type\":\"BreadcrumbList\",\"@id\":\"https:\\\/\\\/ife.ee\\\/fr\\\/cafe-de-langue-ados\\\/#breadcrumb\",\"itemListElement\":[{\"@type\":\"ListItem\",\"position\":1,\"name\":\"Home\",\"item\":\"https:\\\/\\\/ife.ee\\\/fr\\\/\"},{\"@type\":\"ListItem\",\"position\":2,\"name\":\"Le Caf\u00e9 de langue ados vous attend !\"}]},{\"@type\":\"WebSite\",\"@id\":\"https:\\\/\\\/ife.ee\\\/#website\",\"url\":\"https:\\\/\\\/ife.ee\\\/\",\"name\":\"Prantsuse Instituut Eestis\",\"description\":\"ESTONIE\",\"potentialAction\":[{\"@type\":\"SearchAction\",\"target\":{\"@type\":\"EntryPoint\",\"urlTemplate\":\"https:\\\/\\\/ife.ee\\\/?s={search_term_string}\"},\"query-input\":{\"@type\":\"PropertyValueSpecification\",\"valueRequired\":true,\"valueName\":\"search_term_string\"}}],\"inLanguage\":\"fr-FR\"},{\"@type\":\"Person\",\"@id\":\"https:\\\/\\\/ife.ee\\\/#\\\/schema\\\/person\\\/641455fbb19ed6f816a385d27078ed24\",\"name\":\"dora\",\"url\":\"https:\\\/\\\/ife.ee\\\/fr\\\/author\\\/dora\\\/\"}]}<\/script>\n<!-- \/ Yoast SEO plugin. -->","yoast_head_json":{"title":"Le Caf\u00e9 de langue ados vous attend ! - Prantsuse Instituut Eestis","description":"L'institut fran\u00e7ais d'Estonie invite les lyc\u00e9ens apprenant le fran\u00e7ais au caf\u00e9 de langue ados pour am\u00e9liorer votre expression orale !","robots":{"index":"index","follow":"follow","max-snippet":"max-snippet:-1","max-image-preview":"max-image-preview:large","max-video-preview":"max-video-preview:-1"},"canonical":"https:\/\/ife.ee\/fr\/cafe-de-langue-ados\/","twitter_card":"summary_large_image","twitter_title":"Le Caf\u00e9 de langue ados vous attend ! - Prantsuse Instituut Eestis","twitter_description":"L'institut fran\u00e7ais d'Estonie invite les lyc\u00e9ens apprenant le fran\u00e7ais au caf\u00e9 de langue ados pour am\u00e9liorer votre expression orale !","twitter_image":"https:\/\/ife.ee\/wp-content\/uploads\/2018\/11\/untitled-design-50.png","twitter_creator":"@IF_Estonie","twitter_site":"@IF_Estonie","twitter_misc":{"\u00c9crit par":"dora","Dur\u00e9e de lecture estim\u00e9e":"1 minute"},"schema":{"@context":"https:\/\/schema.org","@graph":[{"@type":"Article","@id":"https:\/\/ife.ee\/fr\/cafe-de-langue-ados\/#article","isPartOf":{"@id":"https:\/\/ife.ee\/fr\/cafe-de-langue-ados\/"},"author":{"name":"dora","@id":"https:\/\/ife.ee\/#\/schema\/person\/641455fbb19ed6f816a385d27078ed24"},"headline":"Le Caf\u00e9 de langue ados vous attend !","datePublished":"2018-11-26T06:54:00+00:00","dateModified":"2019-03-25T13:27:35+00:00","mainEntityOfPage":{"@id":"https:\/\/ife.ee\/fr\/cafe-de-langue-ados\/"},"wordCount":152,"commentCount":0,"image":{"@id":"https:\/\/ife.ee\/fr\/cafe-de-langue-ados\/#primaryimage"},"thumbnailUrl":"https:\/\/ife.ee\/wp-content\/uploads\/2018\/11\/untitled-design-50.png","keywords":["Apprendre le fran\u00e7ais","caf\u00e9 de langue","caf\u00e9 de langue ados","fran\u00e7ais","IFE","Institut Fran\u00e7ais d'Estonie","jeunes","lyc\u00e9ens"],"articleSection":["Cours","Ev\u00e9nements"],"inLanguage":"fr-FR","potentialAction":[{"@type":"CommentAction","name":"Comment","target":["https:\/\/ife.ee\/fr\/cafe-de-langue-ados\/#respond"]}]},{"@type":"WebPage","@id":"https:\/\/ife.ee\/fr\/cafe-de-langue-ados\/","url":"https:\/\/ife.ee\/fr\/cafe-de-langue-ados\/","name":"Le Caf\u00e9 de langue ados vous attend ! - Prantsuse Instituut Eestis","isPartOf":{"@id":"https:\/\/ife.ee\/#website"},"primaryImageOfPage":{"@id":"https:\/\/ife.ee\/fr\/cafe-de-langue-ados\/#primaryimage"},"image":{"@id":"https:\/\/ife.ee\/fr\/cafe-de-langue-ados\/#primaryimage"},"thumbnailUrl":"https:\/\/ife.ee\/wp-content\/uploads\/2018\/11\/untitled-design-50.png","datePublished":"2018-11-26T06:54:00+00:00","dateModified":"2019-03-25T13:27:35+00:00","author":{"@id":"https:\/\/ife.ee\/#\/schema\/person\/641455fbb19ed6f816a385d27078ed24"},"description":"L'institut fran\u00e7ais d'Estonie invite les lyc\u00e9ens apprenant le fran\u00e7ais au caf\u00e9 de langue ados pour am\u00e9liorer votre expression orale !","breadcrumb":{"@id":"https:\/\/ife.ee\/fr\/cafe-de-langue-ados\/#breadcrumb"},"inLanguage":"fr-FR","potentialAction":[{"@type":"ReadAction","target":["https:\/\/ife.ee\/fr\/cafe-de-langue-ados\/"]}]},{"@type":"ImageObject","inLanguage":"fr-FR","@id":"https:\/\/ife.ee\/fr\/cafe-de-langue-ados\/#primaryimage","url":"https:\/\/ife.ee\/wp-content\/uploads\/2018\/11\/untitled-design-50.png","contentUrl":"https:\/\/ife.ee\/wp-content\/uploads\/2018\/11\/untitled-design-50.png","width":1200,"height":632},{"@type":"BreadcrumbList","@id":"https:\/\/ife.ee\/fr\/cafe-de-langue-ados\/#breadcrumb","itemListElement":[{"@type":"ListItem","position":1,"name":"Home","item":"https:\/\/ife.ee\/fr\/"},{"@type":"ListItem","position":2,"name":"Le Caf\u00e9 de langue ados vous attend !"}]},{"@type":"WebSite","@id":"https:\/\/ife.ee\/#website","url":"https:\/\/ife.ee\/","name":"Prantsuse Instituut Eestis","description":"ESTONIE","potentialAction":[{"@type":"SearchAction","target":{"@type":"EntryPoint","urlTemplate":"https:\/\/ife.ee\/?s={search_term_string}"},"query-input":{"@type":"PropertyValueSpecification","valueRequired":true,"valueName":"search_term_string"}}],"inLanguage":"fr-FR"},{"@type":"Person","@id":"https:\/\/ife.ee\/#\/schema\/person\/641455fbb19ed6f816a385d27078ed24","name":"dora","url":"https:\/\/ife.ee\/fr\/author\/dora\/"}]}},"_links":{"self":[{"href":"https:\/\/ife.ee\/fr\/wp-json\/wp\/v2\/posts\/30917","targetHints":{"allow":["GET"]}}],"collection":[{"href":"https:\/\/ife.ee\/fr\/wp-json\/wp\/v2\/posts"}],"about":[{"href":"https:\/\/ife.ee\/fr\/wp-json\/wp\/v2\/types\/post"}],"author":[{"embeddable":true,"href":"https:\/\/ife.ee\/fr\/wp-json\/wp\/v2\/users\/170"}],"replies":[{"embeddable":true,"href":"https:\/\/ife.ee\/fr\/wp-json\/wp\/v2\/comments?post=30917"}],"version-history":[{"count":0,"href":"https:\/\/ife.ee\/fr\/wp-json\/wp\/v2\/posts\/30917\/revisions"}],"wp:featuredmedia":[{"embeddable":true,"href":"https:\/\/ife.ee\/fr\/wp-json\/wp\/v2\/media\/32940"}],"wp:attachment":[{"href":"https:\/\/ife.ee\/fr\/wp-json\/wp\/v2\/media?parent=30917"}],"wp:term":[{"taxonomy":"category","embeddable":true,"href":"https:\/\/ife.ee\/fr\/wp-json\/wp\/v2\/categories?post=30917"},{"taxonomy":"post_tag","embeddable":true,"href":"https:\/\/ife.ee\/fr\/wp-json\/wp\/v2\/tags?post=30917"}],"curies":[{"name":"wp","href":"https:\/\/api.w.org\/{rel}","templated":true}]}}