{"id":25118,"date":"2018-01-30T13:01:23","date_gmt":"2018-01-30T11:01:23","guid":{"rendered":"http:\/\/www.ife.ee\/fr\/?p=25118"},"modified":"2019-04-22T10:22:09","modified_gmt":"2019-04-22T08:22:09","slug":"conference-institutions-processus-de-decision-de-lunion-europeenne-a-tallinn","status":"publish","type":"post","link":"https:\/\/ife.ee\/fr\/conference-institutions-processus-de-decision-de-lunion-europeenne-a-tallinn\/","title":{"rendered":"Cycle de conf\u00e9rences : &#8220;Institutions et processus de d\u00e9cision de l&#8217;Union europ\u00e9enne&#8221;"},"content":{"rendered":"<p><span style=\"font-weight: 400;\">Dipl\u00f4m\u00e9e de Sciences-Po Paris et docteure en sciences politiques, sp\u00e9cialiste de la Russie et de l&#8217;espace post-sovi\u00e9tique, ainsi que de l&#8217;action ext\u00e9rieure de l&#8217;UE,\u00a0<\/span><span style=\"font-weight: 400;\">Laure Delcour est actuellement professeure au Coll\u00e8ge d\u2019Europe. Elle a fait de nombreuses recherches sur l\u2019influence des normes et des r\u00e9formes europ\u00e9ennes dans le cadre de la politique europ\u00e9enne de voisinage.<\/span><span style=\"font-weight: 400;\"><br \/>\n<\/span><span style=\"font-weight: 400;\"><br \/>\n<\/span><span style=\"font-weight: 400;\">Le th\u00e8me qu\u2019elle abordera lors de sa s\u00e9rie de conf\u00e9rences \u00e0 Tallinn sera celui des<strong>\u00a0institutions et <\/strong><\/span><strong>du processus de d\u00e9cision au sein de l&#8217;Union europ\u00e9enne<\/strong><span style=\"font-weight: 400;\">. Ses conf\u00e9rences auront lieu en anglais, quatre jours d\u2019affil\u00e9e, du 27 f\u00e9vrier au 2 mars, entre 16h45 et 19h45, dans les locaux de la Biblioth\u00e8que nationale d\u2019Estonie.<\/p>\n<p><strong>Pour s&#8217;inscrire<\/strong> (entr\u00e9e gratuite, dans la limite des places disponibles) : merci de contacter\u00a0<a href=\"mailto:ekke@edk.edu.ee\">ekke(at)edk.edu.ee<\/a><\/span><\/p>\n<p>Pour en savoir plus sur Laure Delcour :\u00a0<a href=\"https:\/\/www.coleurope.eu\/fr\/whoswho\/person\/laure.delcour\" target=\"_blank\" rel=\"noopener noreferrer\" data-saferedirecturl=\"https:\/\/www.google.com\/url?hl=fr&amp;q=https:\/\/www.coleurope.eu\/fr\/whoswho\/person\/laure.delcour&amp;source=gmail&amp;ust=1517478293360000&amp;usg=AFQjCNHOCgad2wYDDP4z7_FKYId8-KxPoQ\">https:\/\/www.coleurope.eu\/fr\/<wbr \/>whoswho\/person\/laure.delcour<\/a><\/p>\n","protected":false},"excerpt":{"rendered":"<p>Dipl\u00f4m\u00e9e de Sciences-Po Paris et docteure en sciences politiques, sp\u00e9cialiste de la Russie et de l&#8217;espace post-sovi\u00e9tique, ainsi que de l&#8217;action ext\u00e9rieure de l&#8217;UE,\u00a0Laure Delcour est actuellement professeure au Coll\u00e8ge d\u2019Europe. Elle a fait de nombreuses recherches sur l\u2019influence des normes et des r\u00e9formes europ\u00e9ennes dans le cadre de la politique europ\u00e9enne de voisinage.<\/p>\n<p>Le th\u00e8me qu\u2019elle abordera lors de sa s\u00e9rie de conf\u00e9rences \u00e0 Tallinn sera celui des\u00a0institutions et du processus de d\u00e9cision au sein de l&#8217;Union europ\u00e9enne. Ses conf\u00e9rences auront lieu en anglais, quatre jours d\u2019affil\u00e9e, du 27 f\u00e9vrier au 2 mars, entre 16h45 et 19h45, dans les locaux de la Biblioth\u00e8que nationale d\u2019Estonie.<br \/>\nPour s&#8217;inscrire (entr\u00e9e gratuite, dans la limite des places disponibles) : merci de contacter\u00a0ekke(at)edk.edu.ee<br \/>\nPour en savoir plus sur Laure Delcour :\u00a0https:\/\/www.coleurope.eu\/fr\/whoswho\/person\/laure.delcour<\/p>\n","protected":false},"author":1,"featured_media":0,"comment_status":"open","ping_status":"open","sticky":false,"template":"","format":"standard","meta":{"_monsterinsights_skip_tracking":false,"_monsterinsights_sitenote_active":false,"_monsterinsights_sitenote_note":"","_monsterinsights_sitenote_category":0,"ngg_post_thumbnail":0,"footnotes":""},"categories":[85],"tags":[793,702,794],"class_list":["post-25118","post","type-post","status-publish","format-standard","hentry","category-evenements","tag-conference","tag-france","tag-union-europeenne"],"yoast_head":"<!-- This site is optimized with the Yoast SEO plugin v27.3 - https:\/\/yoast.com\/product\/yoast-seo-wordpress\/ -->\n<title>Cycle de conf\u00e9rences : &quot;Institutions et processus de d\u00e9cision de l&#039;Union europ\u00e9enne&quot; - Prantsuse Instituut Eestis<\/title>\n<meta name=\"description\" content=\"Dipl\u00f4m\u00e9e de Sciences-Po Paris et docteure en sciences politiques, sp\u00e9cialiste de la Russie et de l&#039;espace post-sovi\u00e9tique, ainsi que de l&#039;action\" \/>\n<meta name=\"robots\" content=\"index, follow, max-snippet:-1, max-image-preview:large, max-video-preview:-1\" \/>\n<link rel=\"canonical\" href=\"https:\/\/ife.ee\/fr\/conference-institutions-processus-de-decision-de-lunion-europeenne-a-tallinn\/\" \/>\n<meta name=\"twitter:card\" content=\"summary_large_image\" \/>\n<meta name=\"twitter:title\" content=\"Cycle de conf\u00e9rences : &quot;Institutions et processus de d\u00e9cision de l&#039;Union europ\u00e9enne&quot; - Prantsuse Instituut Eestis\" \/>\n<meta name=\"twitter:description\" content=\"Dipl\u00f4m\u00e9e de Sciences-Po Paris et docteure en sciences politiques, sp\u00e9cialiste de la Russie et de l&#039;espace post-sovi\u00e9tique, ainsi que de l&#039;action\" \/>\n<meta name=\"twitter:creator\" content=\"@IF_Estonie\" \/>\n<meta name=\"twitter:site\" content=\"@IF_Estonie\" \/>\n<meta name=\"twitter:label1\" content=\"\u00c9crit par\" \/>\n\t<meta name=\"twitter:data1\" content=\"IFE\" \/>\n\t<meta name=\"twitter:label2\" content=\"Dur\u00e9e de lecture estim\u00e9e\" \/>\n\t<meta name=\"twitter:data2\" content=\"1 minute\" \/>\n<script type=\"application\/ld+json\" class=\"yoast-schema-graph\">{\"@context\":\"https:\\\/\\\/schema.org\",\"@graph\":[{\"@type\":\"Article\",\"@id\":\"https:\\\/\\\/ife.ee\\\/fr\\\/conference-institutions-processus-de-decision-de-lunion-europeenne-a-tallinn\\\/#article\",\"isPartOf\":{\"@id\":\"https:\\\/\\\/ife.ee\\\/fr\\\/conference-institutions-processus-de-decision-de-lunion-europeenne-a-tallinn\\\/\"},\"author\":{\"name\":\"IFE\",\"@id\":\"https:\\\/\\\/ife.ee\\\/#\\\/schema\\\/person\\\/b83e2145839eec2c847dda81d174b4c8\"},\"headline\":\"Cycle de conf\u00e9rences : &#8220;Institutions et processus de d\u00e9cision de l&#8217;Union europ\u00e9enne&#8221;\",\"datePublished\":\"2018-01-30T11:01:23+00:00\",\"dateModified\":\"2019-04-22T08:22:09+00:00\",\"mainEntityOfPage\":{\"@id\":\"https:\\\/\\\/ife.ee\\\/fr\\\/conference-institutions-processus-de-decision-de-lunion-europeenne-a-tallinn\\\/\"},\"wordCount\":177,\"commentCount\":0,\"keywords\":[\"conf\u00e9rence\",\"France\",\"union europ\u00e9enne\"],\"articleSection\":[\"Ev\u00e9nements\"],\"inLanguage\":\"fr-FR\",\"potentialAction\":[{\"@type\":\"CommentAction\",\"name\":\"Comment\",\"target\":[\"https:\\\/\\\/ife.ee\\\/fr\\\/conference-institutions-processus-de-decision-de-lunion-europeenne-a-tallinn\\\/#respond\"]}]},{\"@type\":\"WebPage\",\"@id\":\"https:\\\/\\\/ife.ee\\\/fr\\\/conference-institutions-processus-de-decision-de-lunion-europeenne-a-tallinn\\\/\",\"url\":\"https:\\\/\\\/ife.ee\\\/fr\\\/conference-institutions-processus-de-decision-de-lunion-europeenne-a-tallinn\\\/\",\"name\":\"Cycle de conf\u00e9rences : \\\"Institutions et processus de d\u00e9cision de l'Union europ\u00e9enne\\\" - Prantsuse Instituut Eestis\",\"isPartOf\":{\"@id\":\"https:\\\/\\\/ife.ee\\\/#website\"},\"datePublished\":\"2018-01-30T11:01:23+00:00\",\"dateModified\":\"2019-04-22T08:22:09+00:00\",\"author\":{\"@id\":\"https:\\\/\\\/ife.ee\\\/#\\\/schema\\\/person\\\/b83e2145839eec2c847dda81d174b4c8\"},\"description\":\"Dipl\u00f4m\u00e9e de Sciences-Po Paris et docteure en sciences politiques, sp\u00e9cialiste de la Russie et de l'espace post-sovi\u00e9tique, ainsi que de l'action\",\"breadcrumb\":{\"@id\":\"https:\\\/\\\/ife.ee\\\/fr\\\/conference-institutions-processus-de-decision-de-lunion-europeenne-a-tallinn\\\/#breadcrumb\"},\"inLanguage\":\"fr-FR\",\"potentialAction\":[{\"@type\":\"ReadAction\",\"target\":[\"https:\\\/\\\/ife.ee\\\/fr\\\/conference-institutions-processus-de-decision-de-lunion-europeenne-a-tallinn\\\/\"]}]},{\"@type\":\"BreadcrumbList\",\"@id\":\"https:\\\/\\\/ife.ee\\\/fr\\\/conference-institutions-processus-de-decision-de-lunion-europeenne-a-tallinn\\\/#breadcrumb\",\"itemListElement\":[{\"@type\":\"ListItem\",\"position\":1,\"name\":\"Home\",\"item\":\"https:\\\/\\\/ife.ee\\\/fr\\\/\"},{\"@type\":\"ListItem\",\"position\":2,\"name\":\"Cycle de conf\u00e9rences : &#8220;Institutions et processus de d\u00e9cision de l&#8217;Union europ\u00e9enne&#8221;\"}]},{\"@type\":\"WebSite\",\"@id\":\"https:\\\/\\\/ife.ee\\\/#website\",\"url\":\"https:\\\/\\\/ife.ee\\\/\",\"name\":\"Prantsuse Instituut Eestis\",\"description\":\"ESTONIE\",\"potentialAction\":[{\"@type\":\"SearchAction\",\"target\":{\"@type\":\"EntryPoint\",\"urlTemplate\":\"https:\\\/\\\/ife.ee\\\/?s={search_term_string}\"},\"query-input\":{\"@type\":\"PropertyValueSpecification\",\"valueRequired\":true,\"valueName\":\"search_term_string\"}}],\"inLanguage\":\"fr-FR\"},{\"@type\":\"Person\",\"@id\":\"https:\\\/\\\/ife.ee\\\/#\\\/schema\\\/person\\\/b83e2145839eec2c847dda81d174b4c8\",\"name\":\"IFE\",\"sameAs\":[\"https:\\\/\\\/ife.ee\"],\"url\":\"https:\\\/\\\/ife.ee\\\/fr\\\/author\\\/admin\\\/\"}]}<\/script>\n<!-- \/ Yoast SEO plugin. -->","yoast_head_json":{"title":"Cycle de conf\u00e9rences : \"Institutions et processus de d\u00e9cision de l'Union europ\u00e9enne\" - Prantsuse Instituut Eestis","description":"Dipl\u00f4m\u00e9e de Sciences-Po Paris et docteure en sciences politiques, sp\u00e9cialiste de la Russie et de l'espace post-sovi\u00e9tique, ainsi que de l'action","robots":{"index":"index","follow":"follow","max-snippet":"max-snippet:-1","max-image-preview":"max-image-preview:large","max-video-preview":"max-video-preview:-1"},"canonical":"https:\/\/ife.ee\/fr\/conference-institutions-processus-de-decision-de-lunion-europeenne-a-tallinn\/","twitter_card":"summary_large_image","twitter_title":"Cycle de conf\u00e9rences : \"Institutions et processus de d\u00e9cision de l'Union europ\u00e9enne\" - Prantsuse Instituut Eestis","twitter_description":"Dipl\u00f4m\u00e9e de Sciences-Po Paris et docteure en sciences politiques, sp\u00e9cialiste de la Russie et de l'espace post-sovi\u00e9tique, ainsi que de l'action","twitter_creator":"@IF_Estonie","twitter_site":"@IF_Estonie","twitter_misc":{"\u00c9crit par":"IFE","Dur\u00e9e de lecture estim\u00e9e":"1 minute"},"schema":{"@context":"https:\/\/schema.org","@graph":[{"@type":"Article","@id":"https:\/\/ife.ee\/fr\/conference-institutions-processus-de-decision-de-lunion-europeenne-a-tallinn\/#article","isPartOf":{"@id":"https:\/\/ife.ee\/fr\/conference-institutions-processus-de-decision-de-lunion-europeenne-a-tallinn\/"},"author":{"name":"IFE","@id":"https:\/\/ife.ee\/#\/schema\/person\/b83e2145839eec2c847dda81d174b4c8"},"headline":"Cycle de conf\u00e9rences : &#8220;Institutions et processus de d\u00e9cision de l&#8217;Union europ\u00e9enne&#8221;","datePublished":"2018-01-30T11:01:23+00:00","dateModified":"2019-04-22T08:22:09+00:00","mainEntityOfPage":{"@id":"https:\/\/ife.ee\/fr\/conference-institutions-processus-de-decision-de-lunion-europeenne-a-tallinn\/"},"wordCount":177,"commentCount":0,"keywords":["conf\u00e9rence","France","union europ\u00e9enne"],"articleSection":["Ev\u00e9nements"],"inLanguage":"fr-FR","potentialAction":[{"@type":"CommentAction","name":"Comment","target":["https:\/\/ife.ee\/fr\/conference-institutions-processus-de-decision-de-lunion-europeenne-a-tallinn\/#respond"]}]},{"@type":"WebPage","@id":"https:\/\/ife.ee\/fr\/conference-institutions-processus-de-decision-de-lunion-europeenne-a-tallinn\/","url":"https:\/\/ife.ee\/fr\/conference-institutions-processus-de-decision-de-lunion-europeenne-a-tallinn\/","name":"Cycle de conf\u00e9rences : \"Institutions et processus de d\u00e9cision de l'Union europ\u00e9enne\" - Prantsuse Instituut Eestis","isPartOf":{"@id":"https:\/\/ife.ee\/#website"},"datePublished":"2018-01-30T11:01:23+00:00","dateModified":"2019-04-22T08:22:09+00:00","author":{"@id":"https:\/\/ife.ee\/#\/schema\/person\/b83e2145839eec2c847dda81d174b4c8"},"description":"Dipl\u00f4m\u00e9e de Sciences-Po Paris et docteure en sciences politiques, sp\u00e9cialiste de la Russie et de l'espace post-sovi\u00e9tique, ainsi que de l'action","breadcrumb":{"@id":"https:\/\/ife.ee\/fr\/conference-institutions-processus-de-decision-de-lunion-europeenne-a-tallinn\/#breadcrumb"},"inLanguage":"fr-FR","potentialAction":[{"@type":"ReadAction","target":["https:\/\/ife.ee\/fr\/conference-institutions-processus-de-decision-de-lunion-europeenne-a-tallinn\/"]}]},{"@type":"BreadcrumbList","@id":"https:\/\/ife.ee\/fr\/conference-institutions-processus-de-decision-de-lunion-europeenne-a-tallinn\/#breadcrumb","itemListElement":[{"@type":"ListItem","position":1,"name":"Home","item":"https:\/\/ife.ee\/fr\/"},{"@type":"ListItem","position":2,"name":"Cycle de conf\u00e9rences : &#8220;Institutions et processus de d\u00e9cision de l&#8217;Union europ\u00e9enne&#8221;"}]},{"@type":"WebSite","@id":"https:\/\/ife.ee\/#website","url":"https:\/\/ife.ee\/","name":"Prantsuse Instituut Eestis","description":"ESTONIE","potentialAction":[{"@type":"SearchAction","target":{"@type":"EntryPoint","urlTemplate":"https:\/\/ife.ee\/?s={search_term_string}"},"query-input":{"@type":"PropertyValueSpecification","valueRequired":true,"valueName":"search_term_string"}}],"inLanguage":"fr-FR"},{"@type":"Person","@id":"https:\/\/ife.ee\/#\/schema\/person\/b83e2145839eec2c847dda81d174b4c8","name":"IFE","sameAs":["https:\/\/ife.ee"],"url":"https:\/\/ife.ee\/fr\/author\/admin\/"}]}},"_links":{"self":[{"href":"https:\/\/ife.ee\/fr\/wp-json\/wp\/v2\/posts\/25118","targetHints":{"allow":["GET"]}}],"collection":[{"href":"https:\/\/ife.ee\/fr\/wp-json\/wp\/v2\/posts"}],"about":[{"href":"https:\/\/ife.ee\/fr\/wp-json\/wp\/v2\/types\/post"}],"author":[{"embeddable":true,"href":"https:\/\/ife.ee\/fr\/wp-json\/wp\/v2\/users\/1"}],"replies":[{"embeddable":true,"href":"https:\/\/ife.ee\/fr\/wp-json\/wp\/v2\/comments?post=25118"}],"version-history":[{"count":0,"href":"https:\/\/ife.ee\/fr\/wp-json\/wp\/v2\/posts\/25118\/revisions"}],"wp:attachment":[{"href":"https:\/\/ife.ee\/fr\/wp-json\/wp\/v2\/media?parent=25118"}],"wp:term":[{"taxonomy":"category","embeddable":true,"href":"https:\/\/ife.ee\/fr\/wp-json\/wp\/v2\/categories?post=25118"},{"taxonomy":"post_tag","embeddable":true,"href":"https:\/\/ife.ee\/fr\/wp-json\/wp\/v2\/tags?post=25118"}],"curies":[{"name":"wp","href":"https:\/\/api.w.org\/{rel}","templated":true}]}}