{"id":17878,"date":"2017-02-02T21:27:40","date_gmt":"2017-02-02T19:27:40","guid":{"rendered":"http:\/\/www.ife.ee\/fr\/?p=17878"},"modified":"2017-11-24T14:55:18","modified_gmt":"2017-11-24T12:55:18","slug":"station-f-startups-paris","status":"publish","type":"post","link":"https:\/\/ife.ee\/fr\/station-f-startups-paris\/","title":{"rendered":"En avril 2017, &#8220;Station F&#8221;, le plus grand campus de startups au monde, ouvre \u00e0 Paris"},"content":{"rendered":"<p>Cet espace innovant s&#8217;\u00e9tend sur pr\u00e8s de 34 000 m\u00e8tres carr\u00e9s et dispose de trois espaces\u00a0:<\/p>\n<ul>\n<li>une <strong>zone start-up<\/strong> o\u00f9 plus de 3000 postes de travail seront disponibles pour les membres du programme ainsi qu&#8217;un FabLab \u00e9quip\u00e9 d&#8217;imprimantes 3D et d&#8217;ateliers.<\/li>\n<li>une <strong>zone d\u00e9di\u00e9e \u00e0 la rencontre et aux \u00e9changes<\/strong> disposant de bureaux et de salles de r\u00e9union (dans laquelle la mission French Tech rattach\u00e9e \u00e0 l&#8217;Agence du Num\u00e9rique devrait y avoir ses bureaux)<\/li>\n<li>et une <strong>zone ouverte \u00e0 tous<\/strong> o\u00f9 restaurants, \u00e9v\u00e9nements networking et espace de d\u00e9tente se c\u00f4toieront.<\/li>\n<\/ul>\n<p>Un projet annexe est \u00e9galement en cours afin de proposer courant 2018 un espace de coliving de 600 places \u00e0 Evry pour les jeunes actifs de la Station qui auraient du mal \u00e0 trouver un logement.<\/p>\n<p>Ax\u00e9 particuli\u00e8rement vers l&#8217;international, le campus entend accueillir de nombreuses start-up \u00e9trang\u00e8res et pousser les start-up fran\u00e7aises \u00e0 s&#8217;internationaliser. Plusieurs structures ont \u00e9galement confirm\u00e9 leur installation \u00e0 la Station F comme le programme \u00ab<em>Start-up Garage<\/em>\u00bb de Facebook sp\u00e9cialis\u00e9 dans la gestion des m\u00e9ga-donn\u00e9es (appel \u00e0 candidatures ouvert jusqu&#8217;au 28 f\u00e9vrier <a href=\"https:\/\/www.facebook.com\/FbStationF\">https:\/\/www.facebook.com\/FbStationF<\/a>) ou bien le programme \u00ab<em>Vente priv\u00e9e Acc\u00e9l\u00e9rateur<\/em>\u00bb sp\u00e9cialis\u00e9 dans la <em>Fashion Tech<\/em> (appel \u00e0 candidatures ouvert jusqu\u2019au 15 f\u00e9vrier <a href=\"https:\/\/accelerateur.vente-privee.com\/fr\/postuler\">https:\/\/accelerateur.vente-privee.com\/fr\/postuler<\/a>).<\/p>\n<p>Les candidatures pour rejoindre le programme d&#8217;acc\u00e9l\u00e9ration \u00ab<em>Founders<\/em>\u00bb de Station F sont ouvertes depuis d\u00e9cembre 2016 et il est encore possible d&#8217;y postuler jusqu&#8217;au 5 f\u00e9vrier \u00e0 cette adresse\u00a0: <u><a href=\"https:\/\/stationf.co\/application-process\/\">https:\/\/stationf.co\/application-process\/<\/a>. <\/u>L&#8217;offre comprend un bureau permanent \u00e0 la Station F et un acc\u00e8s \u00e0 tous les \u00e9v\u00e9nements et formations pour 195\u20ac\/ mois.<\/p>\n<p>Une autre offre \u00ab<em>Fellowship<\/em>\u00bb sera \u00e9galement propos\u00e9e pour les start-up souhaitant disposer d&#8217;un bureau de passage \u00e0 Paris et avoir acc\u00e8s \u00e0 des salles pour des rendez-vous d&#8217;affaire.<\/p>\n<p><strong>Touts les informations sont \u00e0 retrouver sur le site de la Station F\u00a0: \u00a0 <a href=\"https:\/\/stationf.co\/\">https:\/\/stationf.co\/<\/a><\/strong><\/p>\n","protected":false},"excerpt":{"rendered":"<p>Cet espace innovant s&#8217;\u00e9tend sur pr\u00e8s de 34 000 m\u00e8tres carr\u00e9s et dispose de trois espaces\u00a0:<\/p>\n<p>une zone start-up o\u00f9 plus de 3000 postes de travail seront disponibles pour les membres du programme ainsi qu&#8217;un FabLab \u00e9quip\u00e9 d&#8217;imprimantes 3D et d&#8217;ateliers.<br \/>\nune zone d\u00e9di\u00e9e \u00e0 la rencontre et aux \u00e9changes disposant de bureaux et de salles de r\u00e9union (dans laquelle la mission French Tech rattach\u00e9e \u00e0 l&#8217;Agence du Num\u00e9rique devrait y avoir ses bureaux)<br \/>\net une zone ouverte \u00e0 tous o\u00f9 restaurants, \u00e9v\u00e9nements networking et espace de d\u00e9tente se c\u00f4toieront.<\/p>\n<p>Un projet annexe est \u00e9galement en cours afin de proposer courant 2018 un espace de coliving de 600 places \u00e0 Evry pour les jeunes actifs de la Station qui auraient du mal \u00e0 trouver un logement.<br \/>\nAx\u00e9 particuli\u00e8rement vers l&#8217;international, le campus entend accueillir de nombreuses start-up \u00e9trang\u00e8res et pousser les start-up fran\u00e7aises \u00e0 s&#8217;internationaliser. Plusieurs structures ont \u00e9galement confirm\u00e9 leur installation \u00e0 la Station F comme le programme \u00abStart-up Garage\u00bb de Facebook sp\u00e9cialis\u00e9 dans la gestion des m\u00e9ga-donn\u00e9es (appel \u00e0 candidatures ouvert jusqu&#8217;au 28 f\u00e9vrier https:\/\/www.facebook.com\/FbStationF) ou bien le programme \u00abVente priv\u00e9e Acc\u00e9l\u00e9rateur\u00bb sp\u00e9cialis\u00e9 dans la Fashion Tech (appel \u00e0 candidatures ouvert jusqu\u2019au 15 f\u00e9vrier https:\/\/accelerateur.vente-privee.com\/fr\/postuler).<br \/>\nLes<\/p>\n","protected":false},"author":1,"featured_media":17882,"comment_status":"open","ping_status":"open","sticky":false,"template":"","format":"standard","meta":{"_monsterinsights_skip_tracking":false,"_monsterinsights_sitenote_active":false,"_monsterinsights_sitenote_note":"","_monsterinsights_sitenote_category":0,"ngg_post_thumbnail":0,"footnotes":""},"categories":[411,765,87],"tags":[509],"class_list":["post-17878","post","type-post","status-publish","format-standard","has-post-thumbnail","hentry","category-blog-fr","category-numerique","category-tallinn-antenne","tag-frenchtech"],"yoast_head":"<!-- This site is optimized with the Yoast SEO plugin v27.3 - https:\/\/yoast.com\/product\/yoast-seo-wordpress\/ -->\n<title>En avril 2017, &quot;Station F&quot;, le plus grand campus de startups au monde, ouvre \u00e0 Paris - Prantsuse Instituut Eestis<\/title>\n<meta name=\"description\" content=\"Ce projet renforce l&#039;attractivit\u00e9 de la France en mati\u00e8re d&#039;innovation.\" \/>\n<meta name=\"robots\" content=\"index, follow, max-snippet:-1, max-image-preview:large, max-video-preview:-1\" \/>\n<link rel=\"canonical\" href=\"https:\/\/ife.ee\/fr\/station-f-startups-paris\/\" \/>\n<meta name=\"twitter:card\" content=\"summary_large_image\" \/>\n<meta name=\"twitter:title\" content=\"En avril 2017, &quot;Station F&quot;, le plus grand campus de startups au monde, ouvre \u00e0 Paris - Prantsuse Instituut Eestis\" \/>\n<meta name=\"twitter:description\" content=\"Ce projet renforce l&#039;attractivit\u00e9 de la France en mati\u00e8re d&#039;innovation.\" \/>\n<meta name=\"twitter:image\" content=\"https:\/\/ife.ee\/wp-content\/uploads\/2017\/02\/station-f-facade.jpeg\" \/>\n<meta name=\"twitter:creator\" content=\"@IF_Estonie\" \/>\n<meta name=\"twitter:site\" content=\"@IF_Estonie\" \/>\n<meta name=\"twitter:label1\" content=\"\u00c9crit par\" \/>\n\t<meta name=\"twitter:data1\" content=\"IFE\" \/>\n\t<meta name=\"twitter:label2\" content=\"Dur\u00e9e de lecture estim\u00e9e\" \/>\n\t<meta name=\"twitter:data2\" content=\"2 minutes\" \/>\n<script type=\"application\/ld+json\" class=\"yoast-schema-graph\">{\"@context\":\"https:\\\/\\\/schema.org\",\"@graph\":[{\"@type\":\"Article\",\"@id\":\"https:\\\/\\\/ife.ee\\\/fr\\\/station-f-startups-paris\\\/#article\",\"isPartOf\":{\"@id\":\"https:\\\/\\\/ife.ee\\\/fr\\\/station-f-startups-paris\\\/\"},\"author\":{\"name\":\"IFE\",\"@id\":\"https:\\\/\\\/ife.ee\\\/#\\\/schema\\\/person\\\/b83e2145839eec2c847dda81d174b4c8\"},\"headline\":\"En avril 2017, &#8220;Station F&#8221;, le plus grand campus de startups au monde, ouvre \u00e0 Paris\",\"datePublished\":\"2017-02-02T19:27:40+00:00\",\"dateModified\":\"2017-11-24T12:55:18+00:00\",\"mainEntityOfPage\":{\"@id\":\"https:\\\/\\\/ife.ee\\\/fr\\\/station-f-startups-paris\\\/\"},\"wordCount\":326,\"commentCount\":0,\"image\":{\"@id\":\"https:\\\/\\\/ife.ee\\\/fr\\\/station-f-startups-paris\\\/#primaryimage\"},\"thumbnailUrl\":\"https:\\\/\\\/ife.ee\\\/wp-content\\\/uploads\\\/2017\\\/02\\\/station-f-facade.jpeg\",\"keywords\":[\"Frenchtech\"],\"articleSection\":[\"Blog\",\"Num\u00e9rique\",\"Tallinn\"],\"inLanguage\":\"fr-FR\",\"potentialAction\":[{\"@type\":\"CommentAction\",\"name\":\"Comment\",\"target\":[\"https:\\\/\\\/ife.ee\\\/fr\\\/station-f-startups-paris\\\/#respond\"]}]},{\"@type\":\"WebPage\",\"@id\":\"https:\\\/\\\/ife.ee\\\/fr\\\/station-f-startups-paris\\\/\",\"url\":\"https:\\\/\\\/ife.ee\\\/fr\\\/station-f-startups-paris\\\/\",\"name\":\"En avril 2017, \\\"Station F\\\", le plus grand campus de startups au monde, ouvre \u00e0 Paris - Prantsuse Instituut Eestis\",\"isPartOf\":{\"@id\":\"https:\\\/\\\/ife.ee\\\/#website\"},\"primaryImageOfPage\":{\"@id\":\"https:\\\/\\\/ife.ee\\\/fr\\\/station-f-startups-paris\\\/#primaryimage\"},\"image\":{\"@id\":\"https:\\\/\\\/ife.ee\\\/fr\\\/station-f-startups-paris\\\/#primaryimage\"},\"thumbnailUrl\":\"https:\\\/\\\/ife.ee\\\/wp-content\\\/uploads\\\/2017\\\/02\\\/station-f-facade.jpeg\",\"datePublished\":\"2017-02-02T19:27:40+00:00\",\"dateModified\":\"2017-11-24T12:55:18+00:00\",\"author\":{\"@id\":\"https:\\\/\\\/ife.ee\\\/#\\\/schema\\\/person\\\/b83e2145839eec2c847dda81d174b4c8\"},\"description\":\"Ce projet renforce l'attractivit\u00e9 de la France en mati\u00e8re d'innovation.\",\"breadcrumb\":{\"@id\":\"https:\\\/\\\/ife.ee\\\/fr\\\/station-f-startups-paris\\\/#breadcrumb\"},\"inLanguage\":\"fr-FR\",\"potentialAction\":[{\"@type\":\"ReadAction\",\"target\":[\"https:\\\/\\\/ife.ee\\\/fr\\\/station-f-startups-paris\\\/\"]}]},{\"@type\":\"ImageObject\",\"inLanguage\":\"fr-FR\",\"@id\":\"https:\\\/\\\/ife.ee\\\/fr\\\/station-f-startups-paris\\\/#primaryimage\",\"url\":\"https:\\\/\\\/ife.ee\\\/wp-content\\\/uploads\\\/2017\\\/02\\\/station-f-facade.jpeg\",\"contentUrl\":\"https:\\\/\\\/ife.ee\\\/wp-content\\\/uploads\\\/2017\\\/02\\\/station-f-facade.jpeg\",\"width\":1128,\"height\":549},{\"@type\":\"BreadcrumbList\",\"@id\":\"https:\\\/\\\/ife.ee\\\/fr\\\/station-f-startups-paris\\\/#breadcrumb\",\"itemListElement\":[{\"@type\":\"ListItem\",\"position\":1,\"name\":\"Home\",\"item\":\"https:\\\/\\\/ife.ee\\\/fr\\\/\"},{\"@type\":\"ListItem\",\"position\":2,\"name\":\"En avril 2017, &#8220;Station F&#8221;, le plus grand campus de startups au monde, ouvre \u00e0 Paris\"}]},{\"@type\":\"WebSite\",\"@id\":\"https:\\\/\\\/ife.ee\\\/#website\",\"url\":\"https:\\\/\\\/ife.ee\\\/\",\"name\":\"Prantsuse Instituut Eestis\",\"description\":\"ESTONIE\",\"potentialAction\":[{\"@type\":\"SearchAction\",\"target\":{\"@type\":\"EntryPoint\",\"urlTemplate\":\"https:\\\/\\\/ife.ee\\\/?s={search_term_string}\"},\"query-input\":{\"@type\":\"PropertyValueSpecification\",\"valueRequired\":true,\"valueName\":\"search_term_string\"}}],\"inLanguage\":\"fr-FR\"},{\"@type\":\"Person\",\"@id\":\"https:\\\/\\\/ife.ee\\\/#\\\/schema\\\/person\\\/b83e2145839eec2c847dda81d174b4c8\",\"name\":\"IFE\",\"sameAs\":[\"https:\\\/\\\/ife.ee\"],\"url\":\"https:\\\/\\\/ife.ee\\\/fr\\\/author\\\/admin\\\/\"}]}<\/script>\n<!-- \/ Yoast SEO plugin. -->","yoast_head_json":{"title":"En avril 2017, \"Station F\", le plus grand campus de startups au monde, ouvre \u00e0 Paris - Prantsuse Instituut Eestis","description":"Ce projet renforce l'attractivit\u00e9 de la France en mati\u00e8re d'innovation.","robots":{"index":"index","follow":"follow","max-snippet":"max-snippet:-1","max-image-preview":"max-image-preview:large","max-video-preview":"max-video-preview:-1"},"canonical":"https:\/\/ife.ee\/fr\/station-f-startups-paris\/","twitter_card":"summary_large_image","twitter_title":"En avril 2017, \"Station F\", le plus grand campus de startups au monde, ouvre \u00e0 Paris - Prantsuse Instituut Eestis","twitter_description":"Ce projet renforce l'attractivit\u00e9 de la France en mati\u00e8re d'innovation.","twitter_image":"https:\/\/ife.ee\/wp-content\/uploads\/2017\/02\/station-f-facade.jpeg","twitter_creator":"@IF_Estonie","twitter_site":"@IF_Estonie","twitter_misc":{"\u00c9crit par":"IFE","Dur\u00e9e de lecture estim\u00e9e":"2 minutes"},"schema":{"@context":"https:\/\/schema.org","@graph":[{"@type":"Article","@id":"https:\/\/ife.ee\/fr\/station-f-startups-paris\/#article","isPartOf":{"@id":"https:\/\/ife.ee\/fr\/station-f-startups-paris\/"},"author":{"name":"IFE","@id":"https:\/\/ife.ee\/#\/schema\/person\/b83e2145839eec2c847dda81d174b4c8"},"headline":"En avril 2017, &#8220;Station F&#8221;, le plus grand campus de startups au monde, ouvre \u00e0 Paris","datePublished":"2017-02-02T19:27:40+00:00","dateModified":"2017-11-24T12:55:18+00:00","mainEntityOfPage":{"@id":"https:\/\/ife.ee\/fr\/station-f-startups-paris\/"},"wordCount":326,"commentCount":0,"image":{"@id":"https:\/\/ife.ee\/fr\/station-f-startups-paris\/#primaryimage"},"thumbnailUrl":"https:\/\/ife.ee\/wp-content\/uploads\/2017\/02\/station-f-facade.jpeg","keywords":["Frenchtech"],"articleSection":["Blog","Num\u00e9rique","Tallinn"],"inLanguage":"fr-FR","potentialAction":[{"@type":"CommentAction","name":"Comment","target":["https:\/\/ife.ee\/fr\/station-f-startups-paris\/#respond"]}]},{"@type":"WebPage","@id":"https:\/\/ife.ee\/fr\/station-f-startups-paris\/","url":"https:\/\/ife.ee\/fr\/station-f-startups-paris\/","name":"En avril 2017, \"Station F\", le plus grand campus de startups au monde, ouvre \u00e0 Paris - Prantsuse Instituut Eestis","isPartOf":{"@id":"https:\/\/ife.ee\/#website"},"primaryImageOfPage":{"@id":"https:\/\/ife.ee\/fr\/station-f-startups-paris\/#primaryimage"},"image":{"@id":"https:\/\/ife.ee\/fr\/station-f-startups-paris\/#primaryimage"},"thumbnailUrl":"https:\/\/ife.ee\/wp-content\/uploads\/2017\/02\/station-f-facade.jpeg","datePublished":"2017-02-02T19:27:40+00:00","dateModified":"2017-11-24T12:55:18+00:00","author":{"@id":"https:\/\/ife.ee\/#\/schema\/person\/b83e2145839eec2c847dda81d174b4c8"},"description":"Ce projet renforce l'attractivit\u00e9 de la France en mati\u00e8re d'innovation.","breadcrumb":{"@id":"https:\/\/ife.ee\/fr\/station-f-startups-paris\/#breadcrumb"},"inLanguage":"fr-FR","potentialAction":[{"@type":"ReadAction","target":["https:\/\/ife.ee\/fr\/station-f-startups-paris\/"]}]},{"@type":"ImageObject","inLanguage":"fr-FR","@id":"https:\/\/ife.ee\/fr\/station-f-startups-paris\/#primaryimage","url":"https:\/\/ife.ee\/wp-content\/uploads\/2017\/02\/station-f-facade.jpeg","contentUrl":"https:\/\/ife.ee\/wp-content\/uploads\/2017\/02\/station-f-facade.jpeg","width":1128,"height":549},{"@type":"BreadcrumbList","@id":"https:\/\/ife.ee\/fr\/station-f-startups-paris\/#breadcrumb","itemListElement":[{"@type":"ListItem","position":1,"name":"Home","item":"https:\/\/ife.ee\/fr\/"},{"@type":"ListItem","position":2,"name":"En avril 2017, &#8220;Station F&#8221;, le plus grand campus de startups au monde, ouvre \u00e0 Paris"}]},{"@type":"WebSite","@id":"https:\/\/ife.ee\/#website","url":"https:\/\/ife.ee\/","name":"Prantsuse Instituut Eestis","description":"ESTONIE","potentialAction":[{"@type":"SearchAction","target":{"@type":"EntryPoint","urlTemplate":"https:\/\/ife.ee\/?s={search_term_string}"},"query-input":{"@type":"PropertyValueSpecification","valueRequired":true,"valueName":"search_term_string"}}],"inLanguage":"fr-FR"},{"@type":"Person","@id":"https:\/\/ife.ee\/#\/schema\/person\/b83e2145839eec2c847dda81d174b4c8","name":"IFE","sameAs":["https:\/\/ife.ee"],"url":"https:\/\/ife.ee\/fr\/author\/admin\/"}]}},"_links":{"self":[{"href":"https:\/\/ife.ee\/fr\/wp-json\/wp\/v2\/posts\/17878","targetHints":{"allow":["GET"]}}],"collection":[{"href":"https:\/\/ife.ee\/fr\/wp-json\/wp\/v2\/posts"}],"about":[{"href":"https:\/\/ife.ee\/fr\/wp-json\/wp\/v2\/types\/post"}],"author":[{"embeddable":true,"href":"https:\/\/ife.ee\/fr\/wp-json\/wp\/v2\/users\/1"}],"replies":[{"embeddable":true,"href":"https:\/\/ife.ee\/fr\/wp-json\/wp\/v2\/comments?post=17878"}],"version-history":[{"count":0,"href":"https:\/\/ife.ee\/fr\/wp-json\/wp\/v2\/posts\/17878\/revisions"}],"wp:featuredmedia":[{"embeddable":true,"href":"https:\/\/ife.ee\/fr\/wp-json\/wp\/v2\/media\/17882"}],"wp:attachment":[{"href":"https:\/\/ife.ee\/fr\/wp-json\/wp\/v2\/media?parent=17878"}],"wp:term":[{"taxonomy":"category","embeddable":true,"href":"https:\/\/ife.ee\/fr\/wp-json\/wp\/v2\/categories?post=17878"},{"taxonomy":"post_tag","embeddable":true,"href":"https:\/\/ife.ee\/fr\/wp-json\/wp\/v2\/tags?post=17878"}],"curies":[{"name":"wp","href":"https:\/\/api.w.org\/{rel}","templated":true}]}}